{"id":60471,"date":"2025-10-27T11:00:27","date_gmt":"2025-10-27T09:00:27","guid":{"rendered":"https:\/\/edublog.educastur.es\/ixuxu\/?p=60471"},"modified":"2025-10-27T20:02:35","modified_gmt":"2025-10-27T18:02:35","slug":"inaugurase-la-primera-escuelina-duvieu-para-alumnau-de-0-a-3-anos","status":"publish","type":"post","link":"https:\/\/edublog.educastur.es\/ixuxu\/2025\/10\/inaugurase-la-primera-escuelina-duvieu-para-alumnau-de-0-a-3-anos\/","title":{"rendered":"Inaug\u00farase la primera escuelina d&#8217;Uvi\u00e9u para alumn\u00e1u de 0 a 3 a\u00f1os"},"content":{"rendered":"<p style=\"text-align: center\"><a href=\"https:\/\/actualidad.asturias.es\/documents\/537115\/2886301\/2025_10_27+presidente+visita+escuelina+carbayoninos+3.jpg\/3a3af10b-af52-b8f1-958e-6c4fd916a620?t=1761565536138\"><img loading=\"lazy\" decoding=\"async\" class=\"aligncenter \" src=\"https:\/\/actualidad.asturias.es\/documents\/537115\/2886301\/2025_10_27+presidente+visita+escuelina+carbayoninos+3.jpg\/3a3af10b-af52-b8f1-958e-6c4fd916a620?t=1761565536138\" width=\"570\" height=\"865\" \/><\/a><\/p>\n<p>El presidente inaugura la primera escuelina d&#8217;Uvi\u00e9u de la rede auton\u00f3mico y gratuito para alumn\u00e1u de 0 a 3 a\u00f1os. Carbayoninos cuenta con dos sedes, una en San Ll\u00e1zaro y otra en Les Campes, y 37 ne\u00f1es y ne\u00f1os matriculaos. El presidente del Princip\u00e1u, Adri\u00e1n Barb\u00f3n, asisti\u00f3 g\u00fcei a l&#8217;apertura de la escuelina Carbayoninos, d&#8217;Uvi\u00e9u, la primera de la rede auton\u00f3mica, p\u00fablica y gratuita de Les Escuelines\/As Escol\u00edas que s&#8217;inaugura nesti conceyu. El conceyu y\u00e1 cunta con otros siete centros de 0 a 3 a\u00f1os de titularid\u00e1 municipal. <a href=\"https:\/\/actualidad.asturias.es\/-\/el-presidente-inaugura-la-primera-escuelina-de-oviedo-de-la-red-auton\u00f3mica-y-gratuita-para-alumnado-de-0-a-3-a\u00f1os?redirect=%2F\">Actualid\u00e1<\/a><\/p>\n<p><!--more--><\/p>\n<p>Barb\u00f3n tuvo acompa\u00f1\u00e1u pola conseyera d&#8217;Educaci\u00f3n, Eva Ledo; la directora xeneral de Centros y Rede 0-3 A\u00f1os, Paula Fern\u00e1ndez; el director xeneral d&#8217;Infraestructures y Tecnolox\u00edes Educatives, Julio Vallaure; y la *conceyala d&#8217;Eduaci\u00f3n nel Conceyu d&#8217;Uvi\u00e9u, Lourdes Garc\u00eda.<\/p>\n<p>Esta nueva escuelina \u2013la decimoctava de la primer fase de la rede auton\u00f3mica\u2013 consta de tr\u00e9s unidaes distribuy\u00edes en dos sedes: una unid\u00e1 nel Colexu P\u00fablicu (CP) Juan Rodr\u00edguez Mu\u00f1iz-Les Campes y otros dos nel Colexu P\u00fablicu San Ll\u00e1zaro-Escueles Blanques, que ye onde se realiz\u00f3 g\u00fcei la visita.<\/p>\n<p>La escuelina empieza la so andadura con 37 ne\u00f1es y ne\u00f1os matriculaos. La plantiya ta formada por una directora docente para los dos sedes y seis t\u00e9cniques d&#8217;educaci\u00f3n infantil (TEI): cuatro nes Escueles Blanques y dos en Les Campes.<\/p>\n<p>El Gobiernu d&#8217;Asturies construy\u00f3 esti nuevu centru con fondos europeos del <strong>Mecanismu de Recuperaci\u00f3n y Resiliencia (MRR)<\/strong>. La see de les Escueles Blanques tuvo un costu de 429.466 euros y la de Les Campes, de 231.803.<\/p>\n<p>Con esta inauguraci\u00f3n, la rede componse y\u00e1 de 40 centros qu&#8217;imparten el primer ciclu d&#8217;Infantil y suma 918 ne\u00f1es y ne\u00f1os matriculaos nestos momentos. De les 40 escuelinas, 18 formen parte de la fase I de la rede y les otres 22 yeren centros de titularid\u00e1 municipal que s&#8217;integraron en septiembre na nueva estructura auton\u00f3mica.<\/p>\n<p><strong>Siete unidaes m\u00e1s para Uvi\u00e9u na fase II. <\/strong>Nel conceyu d&#8217;Uvi\u00e9u, el Princip\u00e1u tien programaes otres tr\u00e9s actuaciones dientro de la fase II de la rede: la construcci\u00f3n de tr\u00e9s unidaes nel CP La Xesta, otros tr\u00e9s el CP Pablo Miaja y una m\u00e1s nel CP El Villar, de Trubia. La inversi\u00f3n total va algamar los 730.446 euros. G\u00fcei mesmu haise robl\u00e1u l&#8217;acta d&#8217;empiezu d&#8217;obra de les unidaes de La Xesta. Les otres dos t\u00e1n y\u00e1 axudicaes y a puntu d&#8217;empecipiase los trabayos.<\/p>\n<p>&nbsp;<\/p>\n<p>El conceyu d&#8217;Uvi\u00e9u tien otres siete escueles infantiles de 0 a 3 a\u00f1os, que la so integraci\u00f3n na rede auton\u00f3mica ta prevista para 2026.<\/p>\n<p style=\"text-align: center\"><a href=\"https:\/\/actualidad.asturias.es\/documents\/537115\/2886301\/2025_10_27+presidente+visita+escuelina+carbayoninos+6.jpg\/1e3fde3c-e4f8-66b4-7fe3-60bd1b7c5b17?t=1761565536524\"><img loading=\"lazy\" decoding=\"async\" class=\"aligncenter \" src=\"https:\/\/actualidad.asturias.es\/documents\/537115\/2886301\/2025_10_27+presidente+visita+escuelina+carbayoninos+6.jpg\/1e3fde3c-e4f8-66b4-7fe3-60bd1b7c5b17?t=1761565536524\" width=\"736\" height=\"1108\" \/><\/a><\/p>\n<p>&nbsp;<\/p>\n","protected":false},"excerpt":{"rendered":"<p>El presidente inaugura la primera escuelina d&#8217;Uvi\u00e9u de la rede auton\u00f3mico y gratuito para alumn\u00e1u de 0 a 3 a\u00f1os. Carbayoninos cuenta con dos sedes, una en San Ll\u00e1zaro y otra en Les Campes, y 37 ne\u00f1es y ne\u00f1os matriculaos. El presidente del Princip\u00e1u, Adri\u00e1n Barb\u00f3n, asisti\u00f3 g\u00fcei a l&#8217;apertura de la escuelina Carbayoninos, d&#8217;Uvi\u00e9u, [&hellip;]<\/p>\n","protected":false},"author":117,"featured_media":0,"comment_status":"closed","ping_status":"open","sticky":false,"template":"","format":"standard","meta":{"footnotes":""},"categories":[341],"tags":[],"class_list":["post-60471","post","type-post","status-publish","format-standard","hentry","category-escuelines"],"_links":{"self":[{"href":"https:\/\/edublog.educastur.es\/ixuxu\/wp-json\/wp\/v2\/posts\/60471","targetHints":{"allow":["GET"]}}],"collection":[{"href":"https:\/\/edublog.educastur.es\/ixuxu\/wp-json\/wp\/v2\/posts"}],"about":[{"href":"https:\/\/edublog.educastur.es\/ixuxu\/wp-json\/wp\/v2\/types\/post"}],"author":[{"embeddable":true,"href":"https:\/\/edublog.educastur.es\/ixuxu\/wp-json\/wp\/v2\/users\/117"}],"replies":[{"embeddable":true,"href":"https:\/\/edublog.educastur.es\/ixuxu\/wp-json\/wp\/v2\/comments?post=60471"}],"version-history":[{"count":1,"href":"https:\/\/edublog.educastur.es\/ixuxu\/wp-json\/wp\/v2\/posts\/60471\/revisions"}],"predecessor-version":[{"id":60472,"href":"https:\/\/edublog.educastur.es\/ixuxu\/wp-json\/wp\/v2\/posts\/60471\/revisions\/60472"}],"wp:attachment":[{"href":"https:\/\/edublog.educastur.es\/ixuxu\/wp-json\/wp\/v2\/media?parent=60471"}],"wp:term":[{"taxonomy":"category","embeddable":true,"href":"https:\/\/edublog.educastur.es\/ixuxu\/wp-json\/wp\/v2\/categories?post=60471"},{"taxonomy":"post_tag","embeddable":true,"href":"https:\/\/edublog.educastur.es\/ixuxu\/wp-json\/wp\/v2\/tags?post=60471"}],"curies":[{"name":"wp","href":"https:\/\/api.w.org\/{rel}","templated":true}]}}