{"id":60473,"date":"2025-10-27T11:03:44","date_gmt":"2025-10-27T09:03:44","guid":{"rendered":"https:\/\/edublog.educastur.es\/ixuxu\/?p=60473"},"modified":"2025-10-27T21:39:12","modified_gmt":"2025-10-27T19:39:12","slug":"salu-abrel-plazu-de-solicitu-dayudes-para-la-compra-de-gafes-a-menores-de-dolce-anos","status":"publish","type":"post","link":"https:\/\/edublog.educastur.es\/ixuxu\/2025\/10\/salu-abrel-plazu-de-solicitu-dayudes-para-la-compra-de-gafes-a-menores-de-dolce-anos\/","title":{"rendered":"Sal\u00fa abre&#8217;l plazu de solicit\u00fa d&#8217;ayudes para la compra de gafes a menores de dolce a\u00f1os"},"content":{"rendered":"<p style=\"text-align: center\"><a href=\"https:\/\/www.afflelou.es\/blog\/wp-content\/uploads\/1109_1200x675_VueltaAlCole.jpg\"><img loading=\"lazy\" decoding=\"async\" class=\"aligncenter size-large\" src=\"https:\/\/www.afflelou.es\/blog\/wp-content\/uploads\/1109_1200x675_VueltaAlCole.jpg\" width=\"1200\" height=\"675\" \/><\/a><\/p>\n<p>La Conseyer\u00eda de Sal\u00fa abre&#8217;l plazu de solicit\u00fa d&#8217;ayudes para la compra de gafes a menores de dolce a\u00f1os. Sal\u00fa dedica 800.000 euros a esta nueva ll\u00ednea de sofitu a les families, que va beneficiar a unes 8.000 persones. <a href=\"https:\/\/actualidad.asturias.es\/-\/el-principado-abre-el-plazo-de-solicitud-de-ayudas-para-la-compra-de-gafas-a-menores-de-doce-a\u00f1os?redirect=%2Fnoticias\">Actualid\u00e1<\/a><\/p>\n<p><!--more--><\/p>\n<p>El Princip\u00e1u dedica 800.000 euros a esta midida, que <strong>busca facilitar l&#8217;accesu equitativo de la poblaci\u00f3n infantil a una bona sal\u00fa visual y que va beneficiar a unes 8.000 persones.<\/strong><\/p>\n<p>La subvenci\u00f3n, suxeta a la renta, algama los cien euros per menor, coles mires de llegar al mayor n\u00famberu posible de beneficiarios y algamar a tola poblaci\u00f3n diana. Con esta cuant\u00eda pretende financiase el 50% del costu mediu d&#8217;unes gafes, un sofitu econ\u00f3micu significativu pa les families con menos recursos.<\/p>\n<p style=\"text-align: center\"><a href=\"https:\/\/estaticos-cdn.prensaiberica.es\/clip\/1b2053a4-3fa0-42e3-876f-e56a517ef22e_16-9-discover-aspect-ratio_default_0.webp\"><img loading=\"lazy\" decoding=\"async\" class=\"aligncenter size-large\" src=\"https:\/\/estaticos-cdn.prensaiberica.es\/clip\/1b2053a4-3fa0-42e3-876f-e56a517ef22e_16-9-discover-aspect-ratio_default_0.webp\" width=\"1200\" height=\"675\" \/><\/a><\/p>\n<p><strong>Esta midida ye pionera nel pa\u00eds.<\/strong> La Comunid\u00e1 de Madrid ufierta una ayuda similar pa la compra de gafes a menores d&#8217;hasta 14 a\u00f1os con defectos visuales, pero llindada a 55 euros. Pela so parte, el ministeriu anunci\u00f3 una ayuda universal similar d&#8217;hasta cien euros per menor de 16 a\u00f1os, independientemente de la renta familiar o comunid\u00e1 de residencia, qu&#8217;ent\u00e1 nun ta a valir.<\/p>\n<p>Nel casu d&#8217;Asturies, va ser subvencionable el gastu de la compra de gafes graduaes pa la correcci\u00f3n de defectos de visi\u00f3n ensin incluyir na cartera de servicios comunes del Sistema Nacional de Sal\u00fa (SNS) o, nel so casu, na cartera complementaria del sistema sanitariu del Princip\u00e1u. <strong>Les gafes tendr\u00e1n de ser prescrites por un m\u00e9dicu especialista n&#8217;oftalmolox\u00eda o indicaes por un \u00f3pticu-optometrista, priv\u00e1u o p\u00fablicu.<\/strong><\/p>\n<p>P&#8217;aportar a estes ayudes ye necesariu tar empadron\u00e1u dende va un a\u00f1u en cualquier conceyu d&#8217;Asturies y nun superar los 60.000 euros de renta per unid\u00e1 familiar.<\/p>\n<p>Con esta actuaci\u00f3n, el Princip\u00e1u favorez la iguald\u00e1 d&#8217;oportunidaes, el rendimientu acad\u00e9micu y el desenvolvimientu integral de los menores. Promueve, am\u00e1s, l&#8217;atenci\u00f3n temprana a problemes visuales que, de nun ser correx\u00edos, podr\u00eden derivar en situaciones m\u00e1s graves al llargu plazu.<\/p>\n","protected":false},"excerpt":{"rendered":"<p>La Conseyer\u00eda de Sal\u00fa abre&#8217;l plazu de solicit\u00fa d&#8217;ayudes para la compra de gafes a menores de dolce a\u00f1os. Sal\u00fa dedica 800.000 euros a esta nueva ll\u00ednea de sofitu a les families, que va beneficiar a unes 8.000 persones. Actualid\u00e1<\/p>\n","protected":false},"author":117,"featured_media":0,"comment_status":"closed","ping_status":"open","sticky":false,"template":"","format":"standard","meta":{"footnotes":""},"categories":[418,48],"tags":[],"class_list":["post-60473","post","type-post","status-publish","format-standard","hentry","category-ayudes","category-salu"],"_links":{"self":[{"href":"https:\/\/edublog.educastur.es\/ixuxu\/wp-json\/wp\/v2\/posts\/60473","targetHints":{"allow":["GET"]}}],"collection":[{"href":"https:\/\/edublog.educastur.es\/ixuxu\/wp-json\/wp\/v2\/posts"}],"about":[{"href":"https:\/\/edublog.educastur.es\/ixuxu\/wp-json\/wp\/v2\/types\/post"}],"author":[{"embeddable":true,"href":"https:\/\/edublog.educastur.es\/ixuxu\/wp-json\/wp\/v2\/users\/117"}],"replies":[{"embeddable":true,"href":"https:\/\/edublog.educastur.es\/ixuxu\/wp-json\/wp\/v2\/comments?post=60473"}],"version-history":[{"count":2,"href":"https:\/\/edublog.educastur.es\/ixuxu\/wp-json\/wp\/v2\/posts\/60473\/revisions"}],"predecessor-version":[{"id":60516,"href":"https:\/\/edublog.educastur.es\/ixuxu\/wp-json\/wp\/v2\/posts\/60473\/revisions\/60516"}],"wp:attachment":[{"href":"https:\/\/edublog.educastur.es\/ixuxu\/wp-json\/wp\/v2\/media?parent=60473"}],"wp:term":[{"taxonomy":"category","embeddable":true,"href":"https:\/\/edublog.educastur.es\/ixuxu\/wp-json\/wp\/v2\/categories?post=60473"},{"taxonomy":"post_tag","embeddable":true,"href":"https:\/\/edublog.educastur.es\/ixuxu\/wp-json\/wp\/v2\/tags?post=60473"}],"curies":[{"name":"wp","href":"https:\/\/api.w.org\/{rel}","templated":true}]}}