{"id":60519,"date":"2025-10-27T17:30:24","date_gmt":"2025-10-27T15:30:24","guid":{"rendered":"https:\/\/edublog.educastur.es\/ixuxu\/?p=60519"},"modified":"2025-10-27T21:46:37","modified_gmt":"2025-10-27T19:46:37","slug":"fuelga-estudiantil-contral-bullying-tres-el-casu-de-sandra-pena","status":"publish","type":"post","link":"https:\/\/edublog.educastur.es\/ixuxu\/2025\/10\/fuelga-estudiantil-contral-bullying-tres-el-casu-de-sandra-pena\/","title":{"rendered":"Fuelga estudiantil contra&#8217;l bullying tres el casu de Sandra Pe\u00f1a"},"content":{"rendered":"<p>Fuelga estudiantil contra&#8217;l bullying tres el casu de Sandra Pe\u00f1a: les protestes n&#8217;Asturies. El Sindicatu d&#8217;Estudiantes llama a \u00abenllenar les cais\u00bb esti martes para esixir mid\u00edes que dexen evitar casos como&#8217;l casu de la moza sevillana.<strong> N&#8217;Asturies hai dos manifestaciones convocaes a esa hora: na plaza del Parch\u00eds de Xix\u00f3n y l&#8217;Escandalera d&#8217;Uvi\u00e9u.<\/strong><\/p>\n<div class=\"html-div xdj266r x11i5rnm xat24cr x1mh8g0r xexx8yu x4uap5 x18d9i69 xkhd6sd\" dir=\"auto\">\n<div class=\"html-div xdj266r x11i5rnm xat24cr x1mh8g0r xexx8yu x4uap5 x18d9i69 xkhd6sd\" dir=\"auto\">\n<div class=\"html-div xdj266r x11i5rnm xat24cr x1mh8g0r xexx8yu x4uap5 x18d9i69 xkhd6sd\" data-ad-rendering-role=\"story_message\">\n<div class=\"x1l90r2v x1iorvi4 x1ye3gou xn6708d\" data-ad-comet-preview=\"message\" data-ad-preview=\"message\">\n<div class=\"x78zum5 xdt5ytf xz62fqu x16ldp7u\">\n<div class=\"xu06os2 x1ok221b\">\n<div class=\"xdj266r x11i5rnm xat24cr x1mh8g0r x1vvkbs x126k92a\">\n<p>Combatir l&#8217;acoso escolar tien d&#8217;implicar a tola socied\u00e1.\u00a0<strong>#stopbullying.\u00a0 <\/strong>\u00c9nte cualquier niciu: Llama: \ud835\udff5\ud835\udfec\ud835\udfec \ud835\udfec\ud835\udfed\ud835\udff4 \ud835\udfec\ud835\udfed\ud835\udff4. Esti tel\u00e9fonu del ministeriu ye gratuitu, an\u00f3nimu y ta disponible 24 hores al d\u00eda. Escribi: \ud835\ude00\ud835\uddf6\ud835\uddf2-\ud835\uddee\ud835\uddf0\ud835\uddfc\ud835\ude00\ud835\uddfc\ud835\uddf2\ud835\ude00\ud835\uddf0\ud835\uddfc\ud835\uddf9\ud835\uddee\ud835\uddff@\ud835\uddee\ud835\ude00\ud835\ude01\ud835\ude02\ud835\uddff\ud835\uddf6\ud835\uddee\ud835\ude00.\ud835\uddfc\ud835\uddff\ud835\uddf4\u00a0 Serviciu d&#8217;Inspecci\u00f3n Educativa del Princip\u00e1u <span class=\"xt0psk2\"><a class=\"x1i10hfl xjbqb8w x1ejq31n xd10rxx x1sy0etr x17r0tee x972fbf xcfux6l x1qhh985 xm0m39n x9f619 x1ypdohk xt0psk2 xe8uvvx xdj266r x11i5rnm xat24cr x1mh8g0r xexx8yu x4uap5 x18d9i69 xkhd6sd x16tdsg8 x1hl2dhg xggy1nq x1a2a7pz x1sur9pj xkrqix3 xzsf02u x1s688f\" role=\"link\" href=\"https:\/\/www.facebook.com\/gobiernodeasturias?__cft__[0]=AZUpw-z2pDXH8XVQiiV2Dk1gxp4EVGJnoL4bnXR0YGry-lg1BVfjLhr_-H6n0rdn0P2Xae2-TQ1sem1zwfNRnHptj8Qk0poA8LXvU9WXzD7pOA-Ca_9SJ5HH4angWiB5oJV7b9pqOwZR7hZTnfIe6pnY7B792fYusi27iJHmAoZdSbbtDIs-jvyHcRofhg3c-y-tU5O2EWaed4z9FSdZm3wOs0gFrFJU8h1DI7pIjTEUxg&amp;__tn__=-UC%2CP-R\"><strong class=\"html-strong xdj266r x11i5rnm xat24cr x1mh8g0r xexx8yu x4uap5 x18d9i69 xkhd6sd x1hl2dhg x16tdsg8 x1vvkbs x1s688f\"><span class=\"html-span xdj266r x11i5rnm xat24cr x1mh8g0r xexx8yu x4uap5 x18d9i69 xkhd6sd x1hl2dhg x16tdsg8 x1vvkbs\">Principado de Asturias<\/span><\/strong><\/a><span class=\"html-span xdj266r x11i5rnm xat24cr x1mh8g0r xexx8yu x4uap5 x18d9i69 xkhd6sd x1hl2dhg x16tdsg8 x1vvkbs x1dor1uw x1n2onr6\"> \/ <a href=\"https:\/\/edublog.educastur.es\/ixuxu\/2024\/11\/campana-prevencion-bullying-tu-puedes-ser-el-cambeu-tu-tienes-la-voz\/\">entrada IXUX\u00da<\/a> \/<span class=\"html-span xexx8yu x4uap5 x18d9i69 xkhd6sd x1hl2dhg x16tdsg8 x1vvkbs x3nfvp2 x1j61x8r x1fcty0u xdj266r xat24cr xgzva0m xhhsvwb xxymvpz xlup9mm x1kky2od\"><img loading=\"lazy\" decoding=\"async\" class=\"xz74otr\" src=\"https:\/\/static.xx.fbcdn.net\/images\/emoji.php\/v9\/tbd\/1\/16\/26d4.png\" alt=\"\u26d4\" width=\"16\" height=\"16\" \/> <\/span><\/span><\/span><\/p>\n<div class=\"html-div xdj266r x11i5rnm xat24cr x1mh8g0r xexx8yu x4uap5 x18d9i69 xkhd6sd x1iyjqo2\">\n<div class=\"x78zum5 xdt5ytf xz62fqu x16ldp7u\">\n<div class=\"xu06os2 x1ok221b\">\n<div class=\"html-div xdj266r x11i5rnm xat24cr x1mh8g0r xexx8yu x4uap5 x18d9i69 xkhd6sd\" data-ad-rendering-role=\"profile_name\">\n<p><a href=\"https:\/\/www.educastur.es\/documents\/34868\/17259135\/2024-11-stopbullying-banner-ast-300x600.gif\/6f358eb6-7d47-da13-f9ac-53f6793ae9e4?t=1732719956495\"><img loading=\"lazy\" decoding=\"async\" class=\"aligncenter size-large\" src=\"https:\/\/www.educastur.es\/documents\/34868\/17259135\/2024-11-stopbullying-banner-ast-300x600.gif\/6f358eb6-7d47-da13-f9ac-53f6793ae9e4?t=1732719956495\" width=\"300\" height=\"600\" \/><\/a><\/p>\n<ul>\n<li><a href=\"https:\/\/actualidad.asturias.es\/documents\/533407\/0\/STOPBULLYING+ASTURIANO.mp4\/68a9c251-10be-04f4-be82-d8c068a2748b?t=1732786132254\">Reel n\u2019asturianu<\/a> \/ <a href=\"https:\/\/edublog.educastur.es\/ixuxu\/2024\/11\/campana-prevencion-bullying-tu-puedes-ser-el-cambeu-tu-tienes-la-voz\/\">IXUX\u00da<\/a><\/li>\n<\/ul>\n<p><a href=\"https:\/\/www.educastur.es\/documents\/34868\/17259135\/2024-11-stopbullying-cintillo-ast-800x60.gif\/f9c5fce7-d228-9fa8-d182-e009672123a5?t=1732720311242\"><img loading=\"lazy\" decoding=\"async\" class=\"aligncenter size-large\" src=\"https:\/\/www.educastur.es\/documents\/34868\/17259135\/2024-11-stopbullying-cintillo-ast-800x60.gif\/f9c5fce7-d228-9fa8-d182-e009672123a5?t=1732720311242\" width=\"800\" height=\"60\" \/><\/a><!--more--><\/p>\n<\/div>\n<\/div>\n<\/div>\n<\/div>\n<div class=\"html-div xdj266r x11i5rnm xat24cr x1mh8g0r xexx8yu x4uap5 x18d9i69 xkhd6sd\" dir=\"auto\">\n<div class=\"html-div xdj266r x11i5rnm xat24cr x1mh8g0r xexx8yu x4uap5 x18d9i69 xkhd6sd\" data-ad-rendering-role=\"story_message\"><\/div>\n<\/div>\n<div class=\"html-div xdj266r xat24cr xexx8yu x4uap5 x18d9i69 xkhd6sd x1jx94hy x8cjs6t x1ch86jh x80vd3b xckqwgs x13fuv20 xu3j5b3 x1q0q8m5 x26u7qi x178xt8z xm81vs4 xso031l xy80clv xfh8nwu xoqspk4 x12v9rci x138vmkv x6ikm8r x10wlt62 x16n37ib xq8finb\">\n<div class=\"html-div x11i5rnm xat24cr x1mh8g0r xexx8yu x4uap5 x18d9i69 xkhd6sd x1y332i5\">\n<div class=\"html-div xdj266r xexx8yu x4uap5 x18d9i69 xkhd6sd x1n2onr6 x1mh8g0r x11i5rnm xod5an3\">\n<div class=\"html-div xdj266r x11i5rnm xat24cr x1mh8g0r xexx8yu x4uap5 x18d9i69 xkhd6sd x1n2onr6\">\n<div class=\"html-div xdj266r x11i5rnm xat24cr x1mh8g0r xexx8yu x4uap5 x18d9i69 xkhd6sd\">\n<div class=\"x1n2onr6\">\n<div class=\"x1n2onr6\">\n<ul>\n<li class=\"x6ikm8r x10wlt62 x10l6tqk\">\u00a0<span class=\"x1lliihq x6ikm8r x10wlt62 x1n2onr6\"><span class=\"xt0psk2\"><a class=\"x1i10hfl xjbqb8w x1ejq31n xd10rxx x1sy0etr x17r0tee x972fbf xcfux6l x1qhh985 xm0m39n x9f619 x1ypdohk xt0psk2 xe8uvvx xdj266r x11i5rnm xat24cr x1mh8g0r xexx8yu x4uap5 x18d9i69 xkhd6sd x16tdsg8 x1hl2dhg xggy1nq x1a2a7pz x1sur9pj xkrqix3 xzsf02u x1s688f\" role=\"link\" href=\"https:\/\/www.facebook.com\/educastur?__cft__[0]=AZUpw-z2pDXH8XVQiiV2Dk1gxp4EVGJnoL4bnXR0YGry-lg1BVfjLhr_-H6n0rdn0P2Xae2-TQ1sem1zwfNRnHptj8Qk0poA8LXvU9WXzD7pOA-Ca_9SJ5HH4angWiB5oJV7b9pqOwZR7hZTnfIe6pnY7B792fYusi27iJHmAoZdSbbtDIs-jvyHcRofhg3c-y-tU5O2EWaed4z9FSdZm3wOs0gFrFJU8h1DI7pIjTEUxg&amp;__tn__=-UC%2CP-y-R\"><strong class=\"html-strong xdj266r x11i5rnm xat24cr x1mh8g0r xexx8yu x4uap5 x18d9i69 xkhd6sd x1hl2dhg x16tdsg8 x1vvkbs x1s688f\"><span class=\"html-span xdj266r x11i5rnm xat24cr x1mh8g0r xexx8yu x4uap5 x18d9i69 xkhd6sd x1hl2dhg x16tdsg8 x1vvkbs\">Conseyer\u00eda d&#8217;Educaci\u00f3n del Princip\u00e1u<\/span><\/strong><\/a><\/span><\/span>\/ Fonte:<a href=\"https:\/\/www.educastur.es\/-\/nueva-campana-prevencion-bullying-tu-puedes-ser-el-cambio-tu-tienes-la-voz?redirect=%2F\"><em> Educastur<\/em> <\/a>\/<a href=\"https:\/\/actualidad.asturias.es\/-\/educaci%C3%B3n-lanza-una-campa%C3%B1a-de-prevenci%C3%B3n-frente-al-acoso-escolar-inspirada-en-la-cultura-urbana?redirect=%2F\">Actualid\u00e1 Asturies<\/a><\/li>\n<li><a href=\"https:\/\/www.educastur.es\/documents\/34868\/17259124\/2024-11-stopbullying-cartel.pdf\/c35bb536-c6eb-c066-6628-7792fef272e2?t=1732718973854\" target=\"_blank\" rel=\"noopener\">Campa\u00f1a: T\u00fa puedes ser el cambio, t\u00fa tienes la voz. \u00a1Denuncia!<\/a>\u00a0(pdf)<\/li>\n<li><a href=\"https:\/\/actualidad.asturias.es\/documents\/533407\/0\/STOPBULLYING+ASTURIANO.mp4\/68a9c251-10be-04f4-be82-d8c068a2748b?t=1732786132254\"><strong>Reel n&#8217;asturianu<\/strong><\/a> \/<\/li>\n<\/ul>\n<p>&nbsp;<\/p>\n<\/div>\n<\/div>\n<\/div>\n<\/div>\n<\/div>\n<\/div>\n<\/div>\n<div class=\"articulo-block-content\">\n<p><a href=\"https:\/\/www.educastur.es\/documents\/34868\/17259135\/2024-11-stopbullying-cintillo-ast-800x60.gif\/f9c5fce7-d228-9fa8-d182-e009672123a5?t=1732720311242\"><img loading=\"lazy\" decoding=\"async\" class=\"aligncenter size-large\" src=\"https:\/\/www.educastur.es\/documents\/34868\/17259135\/2024-11-stopbullying-cintillo-ast-800x60.gif\/f9c5fce7-d228-9fa8-d182-e009672123a5?t=1732720311242\" width=\"800\" height=\"60\" \/><\/a><\/p>\n<ul>\n<li>\u00a0Fonte:<a href=\"https:\/\/www.educastur.es\/-\/nueva-campana-prevencion-bullying-tu-puedes-ser-el-cambio-tu-tienes-la-voz?redirect=%2F\"><em> Educastur<\/em> <\/a>\/<a href=\"https:\/\/actualidad.asturias.es\/-\/educaci%C3%B3n-lanza-una-campa%C3%B1a-de-prevenci%C3%B3n-frente-al-acoso-escolar-inspirada-en-la-cultura-urbana?redirect=%2F\">Actualid\u00e1 Asturies<\/a> \/<\/li>\n<li><a href=\"https:\/\/www.educastur.es\/documents\/34868\/17259124\/2024-11-stopbullying-cartel.pdf\/c35bb536-c6eb-c066-6628-7792fef272e2?t=1732718973854\" target=\"_blank\" rel=\"noopener\">Campa\u00f1a: T\u00fa puedes ser el cambio, t\u00fa tienes la voz. \u00a1Denuncia!<\/a>\u00a0(pdf)<\/li>\n<li><a href=\"https:\/\/actualidad.asturias.es\/documents\/533407\/0\/STOPBULLYING+ASTURIANO.mp4\/68a9c251-10be-04f4-be82-d8c068a2748b?t=1732786132254\"><strong>Reel n&#8217;asturianu<\/strong><\/a> \/<\/li>\n<\/ul>\n<p><a href=\"https:\/\/www.educastur.es\/documents\/34868\/17259135\/2024-11-stopbullying-ast-990x250+%281%29.jpg\/89f520d4-8ed8-a1e3-3ac1-899c4343598e?t=1732721510354\"><img loading=\"lazy\" decoding=\"async\" class=\"aligncenter size-large\" src=\"https:\/\/www.educastur.es\/documents\/34868\/17259135\/2024-11-stopbullying-ast-990x250+%281%29.jpg\/89f520d4-8ed8-a1e3-3ac1-899c4343598e?t=1732721510354\" width=\"990\" height=\"250\" \/><\/a><\/p>\n<\/div>\n<p>El bullying ye una forma de violencia que puede tener graves consecuencies para&#8217;l desenvolvimientu emocional de les v\u00edctimes.<strong> Esta forma d&#8217;acoso produzse cuando un ne\u00f1u, ne\u00f1a o adolescente ye somet\u00edu de forma repitida ya intencional a agresiones f\u00edsiques, verbales o psicol\u00f3xiques per parte d&#8217;otru ne\u00f1u o grupu.\u00a0<\/strong>De cutiu, les v\u00edctimes si\u00e9ntense aisllaes. Afecta al so bienestar emocional y psicol\u00f3xico y puede desencadenar consecuencies graves y duraderes.<\/p>\n<p><a href=\"https:\/\/www.educastur.es\/documents\/34868\/17259135\/2024-11-stopbullying-ast-300x250.jpg\/1483fe82-ea5a-f2e6-4a31-c69b652342c1?t=1732720701753\"><img loading=\"lazy\" decoding=\"async\" class=\"aligncenter size-large\" src=\"https:\/\/www.educastur.es\/documents\/34868\/17259135\/2024-11-stopbullying-ast-300x250.jpg\/1483fe82-ea5a-f2e6-4a31-c69b652342c1?t=1732720701753\" width=\"300\" height=\"250\" \/><\/a><\/p>\n<p>&nbsp;<\/p>\n<p><strong>Prevenir y combatir del acoso escolar son responsabilidaes compart\u00edes por tola comunid\u00e1 educativa (families, docentes, compa\u00f1eros y compa\u00f1eres, personal non docente\u2026) y pola socied\u00e1 polo xeneral.<\/strong> La comunicaci\u00f3n, y en concretu la publicid\u00e1 social, xuega un papel fundamental a la de consiguir esti oxetivu.<\/p>\n<p>Por esa raz\u00f3n, el Gobiernu del Princip\u00e1u llanza una nueva campa\u00f1a, que <strong>ye una llamada a l&#8217;acci\u00f3n para remover les conciencies y animar a toles persones de la redolada escolar y familiar, tami\u00e9n a les v\u00edctimes, a denuncialo.<\/strong><\/p>\n<\/div>\n<\/div>\n<\/div>\n<\/div>\n<\/div>\n<\/div>\n<\/div>\n<p>&nbsp;<\/p>\n<p>&nbsp;<\/p>\n<p>&nbsp;<\/p>\n","protected":false},"excerpt":{"rendered":"<p>Fuelga estudiantil contra&#8217;l bullying tres el casu de Sandra Pe\u00f1a: les protestes n&#8217;Asturies. El Sindicatu d&#8217;Estudiantes llama a \u00abenllenar les cais\u00bb esti martes para esixir mid\u00edes que dexen evitar casos como&#8217;l casu de la moza sevillana. N&#8217;Asturies hai dos manifestaciones convocaes a esa hora: na plaza del Parch\u00eds de Xix\u00f3n y l&#8217;Escandalera d&#8217;Uvi\u00e9u. Combatir l&#8217;acoso [&hellip;]<\/p>\n","protected":false},"author":117,"featured_media":0,"comment_status":"closed","ping_status":"open","sticky":false,"template":"","format":"standard","meta":{"footnotes":""},"categories":[451],"tags":[],"class_list":["post-60519","post","type-post","status-publish","format-standard","hentry","category-fuelga"],"_links":{"self":[{"href":"https:\/\/edublog.educastur.es\/ixuxu\/wp-json\/wp\/v2\/posts\/60519","targetHints":{"allow":["GET"]}}],"collection":[{"href":"https:\/\/edublog.educastur.es\/ixuxu\/wp-json\/wp\/v2\/posts"}],"about":[{"href":"https:\/\/edublog.educastur.es\/ixuxu\/wp-json\/wp\/v2\/types\/post"}],"author":[{"embeddable":true,"href":"https:\/\/edublog.educastur.es\/ixuxu\/wp-json\/wp\/v2\/users\/117"}],"replies":[{"embeddable":true,"href":"https:\/\/edublog.educastur.es\/ixuxu\/wp-json\/wp\/v2\/comments?post=60519"}],"version-history":[{"count":2,"href":"https:\/\/edublog.educastur.es\/ixuxu\/wp-json\/wp\/v2\/posts\/60519\/revisions"}],"predecessor-version":[{"id":60521,"href":"https:\/\/edublog.educastur.es\/ixuxu\/wp-json\/wp\/v2\/posts\/60519\/revisions\/60521"}],"wp:attachment":[{"href":"https:\/\/edublog.educastur.es\/ixuxu\/wp-json\/wp\/v2\/media?parent=60519"}],"wp:term":[{"taxonomy":"category","embeddable":true,"href":"https:\/\/edublog.educastur.es\/ixuxu\/wp-json\/wp\/v2\/categories?post=60519"},{"taxonomy":"post_tag","embeddable":true,"href":"https:\/\/edublog.educastur.es\/ixuxu\/wp-json\/wp\/v2\/tags?post=60519"}],"curies":[{"name":"wp","href":"https:\/\/api.w.org\/{rel}","templated":true}]}}