{"id":60522,"date":"2025-10-27T17:47:37","date_gmt":"2025-10-27T15:47:37","guid":{"rendered":"https:\/\/edublog.educastur.es\/ixuxu\/?p=60522"},"modified":"2025-10-27T21:49:47","modified_gmt":"2025-10-27T19:49:47","slug":"muyeres-del-mediu-rural-piden-accesu-igualitariu-a-los-servicios-pa-poder-siguir-viviendo-nel-campu","status":"publish","type":"post","link":"https:\/\/edublog.educastur.es\/ixuxu\/2025\/10\/muyeres-del-mediu-rural-piden-accesu-igualitariu-a-los-servicios-pa-poder-siguir-viviendo-nel-campu\/","title":{"rendered":"Muyeres del mediu rural piden accesu igualitariu a los servicios"},"content":{"rendered":"<p><a href=\"https:\/\/www.rtpa.es\/noticias-asturias-ast\/2025-10-27\/Muyeres-del-mediu-rural-piden-accesu-igualitariu-a-los-servicios,-pa-poder-siguir-viviendo-nel-campu_111761568927.html\">TPA<\/a> \/<\/p>\n<p style=\"text-align: center\"><a href=\"https:\/\/www.rtpa.es\/fotos\/\/25\/10\/20251027141234_RTPA7275217.webp\"><img loading=\"lazy\" decoding=\"async\" class=\"aligncenter size-large\" src=\"https:\/\/www.rtpa.es\/fotos\/\/25\/10\/20251027141234_RTPA7275217.webp\" width=\"853\" height=\"480\" \/><\/a><\/p>\n<div id=\"noticiacompleta\" class=\"parragraph-padding font-c-conent\">\n<p class=\"font-size-m padding-b-20 font-weight-b margin-t-16\">Muyeres del mediu rural piden accesu igualitariu a los servicios, pa poder siguir viviendo nel campu. Comisi\u00f3n de Mediu Rural nel marcu de la tramitaci\u00f3n del Estatutu de les Muyeres Rurales.<\/p>\n<p><!--more--><\/p>\n<p>La Federaci\u00f3n Asturiana d&#8217;Empresarios (FADE) ve nel <span style=\"color: #800080\"><strong>Estatutu de les Muyeres Rurales<\/strong><\/span> \u00abuna ferramienta necesaria p\u2019avanzar n&#8217;iguald\u00e1\u00bb, anque considera que pue tener meyores y que tien de dir acompa\u00f1\u00e1u de pol\u00edtiques actives, instrumentos financieros y mid\u00edes de sofitu empresarial que conviertan principios llegales n&#8217;oportunidaes tanxibles pa les muyeres.<\/p>\n<p>Nestos t\u00e9rminos manifest\u00f3se la presidenta de la Federaci\u00f3n d&#8217;Empresaries y Directives d&#8217;Asturies, Bego\u00f1a Fern\u00e1ndez-Costales \u00e9nte la Comisi\u00f3n de Mediu Rural del parlamentu auton\u00f3micu, onde se tramita <span style=\"color: #800080\"><strong>esti proyectu de llei, que quier impulsar la iguald\u00e1 de x\u00e9neru y desaniciar les barreres que llenden l&#8217;accesu de les muyeres que viven nel campu a la formaci\u00f3n, l&#8217;empl\u00e9u, l&#8217;ociu, la cultura y el deporte.<\/strong><\/span><\/p>\n<p>Pa la presidenta de la Federaci\u00f3n Asturiana de Conceyos (FACC), Cecilia P\u00e9rez, muyer que desenvolvi\u00f3 cuasi tola so vida nel mediu rural, ye \u00abuna iniciativa positiva porque venceya la iguald\u00e1 al territoriu\u00bb y ufierta ferramientes que van ayudar a midir y correxir con datos desagregaos por sexu, indicadores o evaluaciones d&#8217;impactu de x\u00e9neru.<\/p>\n<\/div>\n<p>&nbsp;<\/p>\n","protected":false},"excerpt":{"rendered":"<p>TPA \/ Muyeres del mediu rural piden accesu igualitariu a los servicios, pa poder siguir viviendo nel campu. Comisi\u00f3n de Mediu Rural nel marcu de la tramitaci\u00f3n del Estatutu de les Muyeres Rurales.<\/p>\n","protected":false},"author":117,"featured_media":0,"comment_status":"closed","ping_status":"open","sticky":false,"template":"","format":"standard","meta":{"footnotes":""},"categories":[267,121,1],"tags":[],"class_list":["post-60522","post","type-post","status-publish","format-standard","hentry","category-campu-dasturies","category-muyeres","category-sin-categoria"],"_links":{"self":[{"href":"https:\/\/edublog.educastur.es\/ixuxu\/wp-json\/wp\/v2\/posts\/60522","targetHints":{"allow":["GET"]}}],"collection":[{"href":"https:\/\/edublog.educastur.es\/ixuxu\/wp-json\/wp\/v2\/posts"}],"about":[{"href":"https:\/\/edublog.educastur.es\/ixuxu\/wp-json\/wp\/v2\/types\/post"}],"author":[{"embeddable":true,"href":"https:\/\/edublog.educastur.es\/ixuxu\/wp-json\/wp\/v2\/users\/117"}],"replies":[{"embeddable":true,"href":"https:\/\/edublog.educastur.es\/ixuxu\/wp-json\/wp\/v2\/comments?post=60522"}],"version-history":[{"count":2,"href":"https:\/\/edublog.educastur.es\/ixuxu\/wp-json\/wp\/v2\/posts\/60522\/revisions"}],"predecessor-version":[{"id":60524,"href":"https:\/\/edublog.educastur.es\/ixuxu\/wp-json\/wp\/v2\/posts\/60522\/revisions\/60524"}],"wp:attachment":[{"href":"https:\/\/edublog.educastur.es\/ixuxu\/wp-json\/wp\/v2\/media?parent=60522"}],"wp:term":[{"taxonomy":"category","embeddable":true,"href":"https:\/\/edublog.educastur.es\/ixuxu\/wp-json\/wp\/v2\/categories?post=60522"},{"taxonomy":"post_tag","embeddable":true,"href":"https:\/\/edublog.educastur.es\/ixuxu\/wp-json\/wp\/v2\/tags?post=60522"}],"curies":[{"name":"wp","href":"https:\/\/api.w.org\/{rel}","templated":true}]}}