{"id":60525,"date":"2025-10-27T21:52:18","date_gmt":"2025-10-27T19:52:18","guid":{"rendered":"https:\/\/edublog.educastur.es\/ixuxu\/?p=60525"},"modified":"2025-10-28T10:33:21","modified_gmt":"2025-10-28T08:33:21","slug":"les-nacencies-xuben-nasturies-un-09-hasta-setiembre-y-los-fallecimientos-baxen-un-21","status":"publish","type":"post","link":"https:\/\/edublog.educastur.es\/ixuxu\/2025\/10\/les-nacencies-xuben-nasturies-un-09-hasta-setiembre-y-los-fallecimientos-baxen-un-21\/","title":{"rendered":"Les nacencies xuben n&#8217;Asturies un 0,9% hasta setiembre"},"content":{"rendered":"<p><a href=\"https:\/\/www.rtpa.es\/noticias-asturias-ast\/2025-10-27\/Les-nacencies-xuben-n'Asturies-un-0,9-hasta-setiembre-y-los-fallecimientos-baxen-un-2,1_111761559537.html\">RTPA<\/a> \/\u00a0El saldu vexetativu en 2024 foi negativu en 8.484 persones.\u00a0 <strong>Asturies rexistr\u00f3 entre xineru y setiembre 3.520 nacencies, lo que sup\u00f3n un aumentu del 0,9 por cientu respecto al mesmu periodu del a\u00f1u pas\u00e1u<\/strong>, mientres que la cifra de fallecimientos bax\u00f3 un 2,1 por cientu, hasta 9.813, seg\u00fan los datos espublizaos esti llunes pola Socied\u00e1 Asturiana d&#8217;Estudios Econ\u00f3micos y Industriales (Sadei).<\/p>\n<p style=\"text-align: center\"><a href=\"https:\/\/img.lavdg.com\/sc\/itiSKcnAkcRUfaVUpeAAJsZbols=\/768x\/2025\/01\/01\/00121735724281748215427\/Foto\/eup_20250101_090303502.jpg\"><img loading=\"lazy\" decoding=\"async\" class=\"aligncenter \" src=\"https:\/\/img.lavdg.com\/sc\/itiSKcnAkcRUfaVUpeAAJsZbols=\/768x\/2025\/01\/01\/00121735724281748215427\/Foto\/eup_20250101_090303502.jpg\" width=\"430\" height=\"242\" \/><\/a><\/p>\n<p><!--more--><\/p>\n<p>El Princip\u00e1u rexistr\u00f3 nos nueve primeros meses del exerciciu un saldu vexetativu negativu de 6.293 persones, inferior en 243 al rexistr\u00e1u nel mesmu periodu del a\u00f1u pas\u00e1u.<\/p>\n<p>Mientres el pas\u00e1u a\u00f1u, Asturies medr\u00f3&#8217;l n\u00famberu de nacencies un 2,6 por cientu, hasta 4.665, la segunda cifra m\u00e1s baxa de la serie tres la rexistrada en 2023 (4.545), mientres que los fallecimientos repicaron un 1,1 por cientu, hasta 13.150.<\/p>\n<p>El saldu vexetativu en 2024 foi negativu en 8.484 persones, superior en 114 al rexistr\u00e1u en 2023, y el cuartu m\u00e1s elev\u00e1u de la serie entamada en 1990 tres los a\u00f1os 2020 (9.779), 2022 (9.192) y 2021 (8.582).<\/p>\n<ul>\n<li><a href=\"https:\/\/iam.asturias.es\/fecundidad-y-nacimientos\">https:\/\/iam.asturias.es\/fecundidad-y-nacimientos<\/a><\/li>\n<\/ul>\n<p style=\"text-align: center\"><a href=\"https:\/\/iam.asturias.es\/image\/journal\/article?img_id=4765369&amp;t=1759842182808\"><img loading=\"lazy\" decoding=\"async\" class=\"aligncenter size-large\" src=\"https:\/\/iam.asturias.es\/image\/journal\/article?img_id=4765369&amp;t=1759842182808\" width=\"311\" height=\"246\" \/><\/a><\/p>\n<p style=\"text-align: center\"><span style=\"color: #008080\">Gr\u00e1fico 1.7. Evoluci\u00f3n de la Tasa Global de Fecundid\u00e1 n&#8217;Asturies y en Espa\u00f1a (%o), 1975-2023<\/span><\/p>\n<p style=\"text-align: center\"><a href=\"https:\/\/iam.asturias.es\/image\/journal\/article?img_id=4765370&amp;t=1759842182818\"><img loading=\"lazy\" decoding=\"async\" class=\"aligncenter \" src=\"https:\/\/iam.asturias.es\/image\/journal\/article?img_id=4765370&amp;t=1759842182818\" width=\"701\" height=\"398\" \/><\/a><strong><span style=\"color: #008080\">Gr\u00e1fico 1.8. Poblaci\u00f3n de muyeres entre 15 y 49 a\u00f1os n&#8217;Asturies, 1998-2023<\/span><\/strong><\/p>\n<p style=\"text-align: center\"><a href=\"https:\/\/iam.asturias.es\/image\/journal\/article?img_id=4765371&amp;t=1759842182836\"><img loading=\"lazy\" decoding=\"async\" class=\"aligncenter \" src=\"https:\/\/iam.asturias.es\/image\/journal\/article?img_id=4765371&amp;t=1759842182836\" width=\"637\" height=\"366\" \/><\/a><\/p>\n<p>&nbsp;<\/p>\n","protected":false},"excerpt":{"rendered":"<p>RTPA \/\u00a0El saldu vexetativu en 2024 foi negativu en 8.484 persones.\u00a0 Asturies rexistr\u00f3 entre xineru y setiembre 3.520 nacencies, lo que sup\u00f3n un aumentu del 0,9 por cientu respecto al mesmu periodu del a\u00f1u pas\u00e1u, mientres que la cifra de fallecimientos bax\u00f3 un 2,1 por cientu, hasta 9.813, seg\u00fan los datos espublizaos esti llunes pola [&hellip;]<\/p>\n","protected":false},"author":117,"featured_media":0,"comment_status":"closed","ping_status":"open","sticky":false,"template":"","format":"standard","meta":{"footnotes":""},"categories":[258],"tags":[],"class_list":["post-60525","post","type-post","status-publish","format-standard","hentry","category-estadistiques"],"_links":{"self":[{"href":"https:\/\/edublog.educastur.es\/ixuxu\/wp-json\/wp\/v2\/posts\/60525","targetHints":{"allow":["GET"]}}],"collection":[{"href":"https:\/\/edublog.educastur.es\/ixuxu\/wp-json\/wp\/v2\/posts"}],"about":[{"href":"https:\/\/edublog.educastur.es\/ixuxu\/wp-json\/wp\/v2\/types\/post"}],"author":[{"embeddable":true,"href":"https:\/\/edublog.educastur.es\/ixuxu\/wp-json\/wp\/v2\/users\/117"}],"replies":[{"embeddable":true,"href":"https:\/\/edublog.educastur.es\/ixuxu\/wp-json\/wp\/v2\/comments?post=60525"}],"version-history":[{"count":5,"href":"https:\/\/edublog.educastur.es\/ixuxu\/wp-json\/wp\/v2\/posts\/60525\/revisions"}],"predecessor-version":[{"id":60550,"href":"https:\/\/edublog.educastur.es\/ixuxu\/wp-json\/wp\/v2\/posts\/60525\/revisions\/60550"}],"wp:attachment":[{"href":"https:\/\/edublog.educastur.es\/ixuxu\/wp-json\/wp\/v2\/media?parent=60525"}],"wp:term":[{"taxonomy":"category","embeddable":true,"href":"https:\/\/edublog.educastur.es\/ixuxu\/wp-json\/wp\/v2\/categories?post=60525"},{"taxonomy":"post_tag","embeddable":true,"href":"https:\/\/edublog.educastur.es\/ixuxu\/wp-json\/wp\/v2\/tags?post=60525"}],"curies":[{"name":"wp","href":"https:\/\/api.w.org\/{rel}","templated":true}]}}