{"id":60548,"date":"2025-10-28T08:30:13","date_gmt":"2025-10-28T06:30:13","guid":{"rendered":"https:\/\/edublog.educastur.es\/ixuxu\/?p=60548"},"modified":"2025-10-28T11:27:29","modified_gmt":"2025-10-28T09:27:29","slug":"el-tiempu-el-comercio-172","status":"publish","type":"post","link":"https:\/\/edublog.educastur.es\/ixuxu\/2025\/10\/el-tiempu-el-comercio-172\/","title":{"rendered":"El tiempu (El Comercio)"},"content":{"rendered":"<p style=\"text-align: center\"><a href=\"https:\/\/s1.ppllstatics.com\/elcomercio\/www\/multimedia\/2025\/10\/27\/tiempo-asturias-martes-28-octubre-k0DF-U2302588077118HVD-1200x870@El%20Comercio.jpg\"><img loading=\"lazy\" decoding=\"async\" class=\"aligncenter size-large\" src=\"https:\/\/s1.ppllstatics.com\/elcomercio\/www\/multimedia\/2025\/10\/27\/tiempo-asturias-martes-28-octubre-k0DF-U2302588077118HVD-1200x870@El%20Comercio.jpg\" width=\"1200\" height=\"870\" \/><\/a><\/p>\n<p>Una umbada atl\u00e1ntica dir\u00e1 aver\u00e1ndose y va traer la presencia de cierta nubosidad a lo llargo del d\u00eda. Van ser nubes de tipu altu mientres la ma\u00f1ana y de tipu mediu<strong> a partir de la tarde<\/strong>. Pero va ser nubosidad ensin importancia cuidao que nun va xenerar inestabilid\u00e1. <strong>Mientres esta pr\u00f3xima madrugada de martes a mi\u00e9rcoles<\/strong> s\u00ed que y\u00e1 s&#8217;esperen dellos bastios que van ser m\u00e1s probables y frecuentes nel occidente y nel cordal, ensin refugase n&#8217;otres zones de la rex\u00f3n. Tocantes a los<strong> vientos<\/strong> para g\u00fcei martes, prevense de sur moderaos nel cordal, fluexos y variables nel restu del interior y de componente este na mari\u00f1a.<strong> Les temperatures m\u00e1ximes<\/strong> van xubir hasta 3 o 4 \u00baC, sobremanera nel interior, y tami\u00e9n van xubir anque llixeramente nel casu de les m\u00ednimes.<\/p>\n<p><!--more--><\/p>\n<p><strong>El mi\u00e9rcoles<\/strong> vamos encarar un d\u00eda con nubes medies pela ma\u00f1ana ensin refugase dalg\u00fan bastiu, y nubes muncho m\u00e1s compactes y de tipu baxu mientres la tarde con precipitaciones m\u00e1s xeneralizaes. Los vientos volver\u00e1n soplar de sur nel cordal y tami\u00e9n lo fadr\u00e1n nel sector occidental con raches moderaes. Pela tarde los vientos van afitar de noroeste, momentu nel que van entrar les nubes baxes enantes mentaes y que van dexar m\u00e1s ag\u00fces. Les temperatures m\u00e1ximes van xubir na mari\u00f1a, van baxar nel suroccidente y van caltenese ensin cambeos nel restu. Les m\u00ednimes van xubir de forma xeneralizada y notable en tola Comunid\u00e1 Aut\u00f3noma.<\/p>\n","protected":false},"excerpt":{"rendered":"<p>Una umbada atl\u00e1ntica dir\u00e1 aver\u00e1ndose y va traer la presencia de cierta nubosidad a lo llargo del d\u00eda. Van ser nubes de tipu altu mientres la ma\u00f1ana y de tipu mediu a partir de la tarde. Pero va ser nubosidad ensin importancia cuidao que nun va xenerar inestabilid\u00e1. Mientres esta pr\u00f3xima madrugada de martes a [&hellip;]<\/p>\n","protected":false},"author":117,"featured_media":0,"comment_status":"closed","ping_status":"open","sticky":false,"template":"","format":"standard","meta":{"footnotes":""},"categories":[5],"tags":[],"class_list":["post-60548","post","type-post","status-publish","format-standard","hentry","category-tiempu"],"_links":{"self":[{"href":"https:\/\/edublog.educastur.es\/ixuxu\/wp-json\/wp\/v2\/posts\/60548","targetHints":{"allow":["GET"]}}],"collection":[{"href":"https:\/\/edublog.educastur.es\/ixuxu\/wp-json\/wp\/v2\/posts"}],"about":[{"href":"https:\/\/edublog.educastur.es\/ixuxu\/wp-json\/wp\/v2\/types\/post"}],"author":[{"embeddable":true,"href":"https:\/\/edublog.educastur.es\/ixuxu\/wp-json\/wp\/v2\/users\/117"}],"replies":[{"embeddable":true,"href":"https:\/\/edublog.educastur.es\/ixuxu\/wp-json\/wp\/v2\/comments?post=60548"}],"version-history":[{"count":2,"href":"https:\/\/edublog.educastur.es\/ixuxu\/wp-json\/wp\/v2\/posts\/60548\/revisions"}],"predecessor-version":[{"id":60557,"href":"https:\/\/edublog.educastur.es\/ixuxu\/wp-json\/wp\/v2\/posts\/60548\/revisions\/60557"}],"wp:attachment":[{"href":"https:\/\/edublog.educastur.es\/ixuxu\/wp-json\/wp\/v2\/media?parent=60548"}],"wp:term":[{"taxonomy":"category","embeddable":true,"href":"https:\/\/edublog.educastur.es\/ixuxu\/wp-json\/wp\/v2\/categories?post=60548"},{"taxonomy":"post_tag","embeddable":true,"href":"https:\/\/edublog.educastur.es\/ixuxu\/wp-json\/wp\/v2\/tags?post=60548"}],"curies":[{"name":"wp","href":"https:\/\/api.w.org\/{rel}","templated":true}]}}