{"id":60580,"date":"2025-10-28T13:00:43","date_gmt":"2025-10-28T11:00:43","guid":{"rendered":"https:\/\/edublog.educastur.es\/ixuxu\/?p=60580"},"modified":"2025-10-28T14:57:37","modified_gmt":"2025-10-28T12:57:37","slug":"la-escondida-cueva-de-xelu-dasturies-pena-castil","status":"publish","type":"post","link":"https:\/\/edublog.educastur.es\/ixuxu\/2025\/10\/la-escondida-cueva-de-xelu-dasturies-pena-castil\/","title":{"rendered":"La escondida cueva de xelu d&#8217;Asturies: Pe\u00f1a Castil"},"content":{"rendered":"<p>La escondida cueva de xelu d&#8217;Asturies que ye un espect\u00e1culu de lluz y color: a 2.150 metros d&#8217;altit\u00fa y nel coraz\u00f3n de los Picos d&#8217;Europa. El covar\u00f3n de Pe\u00f1a Castil forma parte de los \u00abhimalayas soterra\u00f1os\u00bb que tien el Cordal Cant\u00e1bricu y alla llega tres m\u00e1s de dos hores d&#8217;ascensu pel monte. <a href=\"https:\/\/www.lne.es\/oriente\/2025\/10\/27\/escondida-cueva-hielo-asturias-espectaculo-123062570.html?utm_content=link&amp;utm_medium=social&amp;utm_campaign=echobox&amp;utm_source=Facebook#Echobox=1761564296\">LNE\u00a0<\/a><\/p>\n<p style=\"text-align: center\"><a href=\"https:\/\/estaticos-cdn.prensaiberica.es\/clip\/f7220467-2d21-40a6-ad9f-456a16dbb28f_16-9-discover-aspect-ratio_default_0.webp\"><img loading=\"lazy\" decoding=\"async\" class=\"aligncenter size-large\" src=\"https:\/\/estaticos-cdn.prensaiberica.es\/clip\/f7220467-2d21-40a6-ad9f-456a16dbb28f_16-9-discover-aspect-ratio_default_0.webp\" width=\"1200\" height=\"675\" \/><\/a><\/p>\n<p><!--more--><\/p>\n<p>Nun rinc\u00f3n escond\u00edu del Macizu Central del Cordal Cant\u00e1bricu at\u00f3pase una espectacular cueva de xelu. La cueva de Pe\u00f1a Castil, allugada a m\u00e1s de 2.000 metros d&#8217;altit\u00fa, a un pasu del famosu Urriellu, que ye para la vista un espect\u00e1culu de lluz y color. Llegar ell\u00ed ye como recular nel tiempu. Bastante ye que los xelos d&#8217;esti covar\u00f3n remontar a entamos de la Pequena Ed\u00e1 de Xelu o inclusive antes, seg\u00fan les \u00faltimes investigaciones.<\/p>\n<p style=\"text-align: center\"><a href=\"https:\/\/estaticos-cdn.prensaiberica.es\/clip\/1ee05ae5-c9b2-4d42-91ff-e184cbf3e5bc_alta-libre-aspect-ratio_default_0.jpg\"><img loading=\"lazy\" decoding=\"async\" class=\"aligncenter size-large\" src=\"https:\/\/estaticos-cdn.prensaiberica.es\/clip\/1ee05ae5-c9b2-4d42-91ff-e184cbf3e5bc_alta-libre-aspect-ratio_default_0.jpg\" width=\"1200\" height=\"802\" \/><\/a><\/p>\n<p>El covar\u00f3n de Pe\u00f1a Castil forma parte de los \u00abhimalayas soterra\u00f1os\u00bb de los Picos d&#8217;Europa, un patrimoniu xel\u00e1u que la Universid\u00e1 de Valladolid, col xe\u00f3grafu c\u00e1ntabru Manuel G\u00f3mez Lende a la cabeza, punxo de relieve en 2015. Y ye que nos Picos hai catorce torques de mil metros de fondura, una caracter\u00edstica que nun tienen otros macizos del mundu.<\/p>\n<p><strong>Dende&#8217;l preciosu pueblu de Sotres<\/strong><br \/>\nEl cam\u00edn para llegar a la cueva de xelu asturiano nun ye apta para toos los p\u00fablicos. Ello ye que nun hai cam\u00edn. Hai que conocer bien el terr\u00e9n y dir acompa\u00f1\u00e1u d&#8217;un gu\u00eda de monte. El percorr\u00edu \u00abm\u00e1s r\u00e1pidu\u00bb parte dende les vegues de Sotres, unu d&#8217;esos pueblos de postal del Princip\u00e1u. Dende ell\u00ed embaxo puede vese Pe\u00f1a Castil, un picu m\u00e1s de los munchos qu&#8217;apoderen el paisaxe, asiti\u00e1u a tr\u00e9s pasos del famosu Urriellu (o Naranxal de Bulnes), con Torre del Carnizoso y La Morra nel mediu.<\/p>\n<p style=\"text-align: center\"><a href=\"https:\/\/blogger.googleusercontent.com\/img\/b\/R29vZ2xl\/AVvXsEhyp9UOmBR7FqLImO4Xn2apMK2-fecs_M-rnCrVwOJPLP5ME9s45aPChG0DqLbMtInrAHLWCQ-bGAxplfiM0GxZNM9ACCPMubxE4VF1fBUDs47iazHeiODDItHCYw8g61cBLWiRo7ypCz1X\/s1600\/ruta-pe%25C3%25B1a-castil-cueva-hielo_2930.jpg\"><img loading=\"lazy\" decoding=\"async\" class=\"aligncenter size-large\" src=\"https:\/\/blogger.googleusercontent.com\/img\/b\/R29vZ2xl\/AVvXsEhyp9UOmBR7FqLImO4Xn2apMK2-fecs_M-rnCrVwOJPLP5ME9s45aPChG0DqLbMtInrAHLWCQ-bGAxplfiM0GxZNM9ACCPMubxE4VF1fBUDs47iazHeiODDItHCYw8g61cBLWiRo7ypCz1X\/s1600\/ruta-pe%25C3%25B1a-castil-cueva-hielo_2930.jpg\" width=\"1024\" height=\"768\" \/><\/a><\/p>\n<p><a href=\"https:\/\/www.rutasmontanaasturias.com\/2015\/09\/ruta-invernales-texu-pena-castil-cueva-hielo.html\">Rutes per Asturies<\/a><\/p>\n<p style=\"text-align: center\">\n<!-- iframe plugin v.6.0 wordpress.org\/plugins\/iframe\/ -->\n<iframe loading=\"lazy\" width=\"100%\" height=\"423\" src=\"https:\/\/www.youtube.com\/embed\/Ki-52YbN2bo\" title=\"PE\u00d1A CASTIL y la CUEVA DE HIELO, PICOS DE EUROPA \ud83d\udc63\u26f0\ufe0f\ud83d\udc63\" frameborder=\"0\" allow=\"accelerometer; autoplay; clipboard-write; encrypted-media; gyroscope; picture-in-picture; web-share\" referrerpolicy=\"strict-origin-when-cross-origin\" 0=\"allowfullscreen\" 1=\"\/iframe\" scrolling=\"yes\" class=\"iframe-class\"><\/iframe>\n<\/p>\n<p style=\"text-align: center\"><a href=\"https:\/\/blogger.googleusercontent.com\/img\/b\/R29vZ2xl\/AVvXsEjCSfPAgHjg9ypmWrUjS_NDPkqFfLKFDnhKTGcBUGdWWIMVt4ixzQV94qvGVM6TAgx-Ipn5Fppz2Boyg9jYThIFWmXPn-_iL28SDR5oLSrwC4wsxiCxu2oyY3NW6j2j_ld8NheElEvzK7I2fJP2KfcNgxl-NkWpGjlxmzGUp0xZF9MmvkDYZ3YiLoMwUnE2\/s640\/ruta%20pe%C3%B1a%20castil.png\"><img loading=\"lazy\" decoding=\"async\" class=\"aligncenter size-large\" src=\"https:\/\/blogger.googleusercontent.com\/img\/b\/R29vZ2xl\/AVvXsEjCSfPAgHjg9ypmWrUjS_NDPkqFfLKFDnhKTGcBUGdWWIMVt4ixzQV94qvGVM6TAgx-Ipn5Fppz2Boyg9jYThIFWmXPn-_iL28SDR5oLSrwC4wsxiCxu2oyY3NW6j2j_ld8NheElEvzK7I2fJP2KfcNgxl-NkWpGjlxmzGUp0xZF9MmvkDYZ3YiLoMwUnE2\/s640\/ruta%20pe%C3%B1a%20castil.png\" width=\"640\" height=\"360\" \/><\/a><\/p>\n","protected":false},"excerpt":{"rendered":"<p>La escondida cueva de xelu d&#8217;Asturies que ye un espect\u00e1culu de lluz y color: a 2.150 metros d&#8217;altit\u00fa y nel coraz\u00f3n de los Picos d&#8217;Europa. El covar\u00f3n de Pe\u00f1a Castil forma parte de los \u00abhimalayas soterra\u00f1os\u00bb que tien el Cordal Cant\u00e1bricu y alla llega tres m\u00e1s de dos hores d&#8217;ascensu pel monte. LNE\u00a0<\/p>\n","protected":false},"author":117,"featured_media":0,"comment_status":"closed","ping_status":"open","sticky":false,"template":"","format":"standard","meta":{"footnotes":""},"categories":[406],"tags":[],"class_list":["post-60580","post","type-post","status-publish","format-standard","hentry","category-cueves"],"_links":{"self":[{"href":"https:\/\/edublog.educastur.es\/ixuxu\/wp-json\/wp\/v2\/posts\/60580","targetHints":{"allow":["GET"]}}],"collection":[{"href":"https:\/\/edublog.educastur.es\/ixuxu\/wp-json\/wp\/v2\/posts"}],"about":[{"href":"https:\/\/edublog.educastur.es\/ixuxu\/wp-json\/wp\/v2\/types\/post"}],"author":[{"embeddable":true,"href":"https:\/\/edublog.educastur.es\/ixuxu\/wp-json\/wp\/v2\/users\/117"}],"replies":[{"embeddable":true,"href":"https:\/\/edublog.educastur.es\/ixuxu\/wp-json\/wp\/v2\/comments?post=60580"}],"version-history":[{"count":5,"href":"https:\/\/edublog.educastur.es\/ixuxu\/wp-json\/wp\/v2\/posts\/60580\/revisions"}],"predecessor-version":[{"id":60585,"href":"https:\/\/edublog.educastur.es\/ixuxu\/wp-json\/wp\/v2\/posts\/60580\/revisions\/60585"}],"wp:attachment":[{"href":"https:\/\/edublog.educastur.es\/ixuxu\/wp-json\/wp\/v2\/media?parent=60580"}],"wp:term":[{"taxonomy":"category","embeddable":true,"href":"https:\/\/edublog.educastur.es\/ixuxu\/wp-json\/wp\/v2\/categories?post=60580"},{"taxonomy":"post_tag","embeddable":true,"href":"https:\/\/edublog.educastur.es\/ixuxu\/wp-json\/wp\/v2\/tags?post=60580"}],"curies":[{"name":"wp","href":"https:\/\/api.w.org\/{rel}","templated":true}]}}