{"id":60599,"date":"2025-10-29T08:30:55","date_gmt":"2025-10-29T06:30:55","guid":{"rendered":"https:\/\/edublog.educastur.es\/ixuxu\/?p=60599"},"modified":"2025-10-29T14:07:29","modified_gmt":"2025-10-29T12:07:29","slug":"el-tiempu-el-comercio-173","status":"publish","type":"post","link":"https:\/\/edublog.educastur.es\/ixuxu\/2025\/10\/el-tiempu-el-comercio-173\/","title":{"rendered":"El tiempu (El Comercio)"},"content":{"rendered":"<p style=\"text-align: center\"><a href=\"https:\/\/s2.ppllstatics.com\/elcomercio\/www\/multimedia\/2025\/10\/28\/tiempo-asturias-miercoles-29-octubre-kfIE-U24034995828xnG-1920x1344@El%20Comercio.jpg\"><img loading=\"lazy\" decoding=\"async\" class=\"aligncenter size-large\" src=\"https:\/\/s2.ppllstatics.com\/elcomercio\/www\/multimedia\/2025\/10\/28\/tiempo-asturias-miercoles-29-octubre-kfIE-U24034995828xnG-1920x1344@El%20Comercio.jpg\" width=\"1920\" height=\"1344\" \/><\/a><\/p>\n<p>Llega una umbada que llega dende l&#8217;Atl\u00e1nticu que va afectanos m\u00e1s de llenu mientres la xornada de ma\u00f1ana. Vamos amanecer con posibles precipitaciones que, anque van tender a unviar mientres les hores centrales del d\u00eda (o siquier ser muncho menos frecuentes y probables) van volver a la carga de forma m\u00e1s xeneralizada mientres la tarde. Los vientos van empezar soplando de sur-suroeste tanto nel cordal como nel occidente pudiendo rexistrar raches d&#8217;intensid\u00e1 moderada. Nel restu de la rex\u00f3n los vientos van ser m\u00e1s fluexos ya inclusive variables.<\/p>\n","protected":false},"excerpt":{"rendered":"<p>Llega una umbada que llega dende l&#8217;Atl\u00e1nticu que va afectanos m\u00e1s de llenu mientres la xornada de ma\u00f1ana. Vamos amanecer con posibles precipitaciones que, anque van tender a unviar mientres les hores centrales del d\u00eda (o siquier ser muncho menos frecuentes y probables) van volver a la carga de forma m\u00e1s xeneralizada mientres la tarde. [&hellip;]<\/p>\n","protected":false},"author":117,"featured_media":0,"comment_status":"closed","ping_status":"open","sticky":false,"template":"","format":"standard","meta":{"footnotes":""},"categories":[5],"tags":[],"class_list":["post-60599","post","type-post","status-publish","format-standard","hentry","category-tiempu"],"_links":{"self":[{"href":"https:\/\/edublog.educastur.es\/ixuxu\/wp-json\/wp\/v2\/posts\/60599","targetHints":{"allow":["GET"]}}],"collection":[{"href":"https:\/\/edublog.educastur.es\/ixuxu\/wp-json\/wp\/v2\/posts"}],"about":[{"href":"https:\/\/edublog.educastur.es\/ixuxu\/wp-json\/wp\/v2\/types\/post"}],"author":[{"embeddable":true,"href":"https:\/\/edublog.educastur.es\/ixuxu\/wp-json\/wp\/v2\/users\/117"}],"replies":[{"embeddable":true,"href":"https:\/\/edublog.educastur.es\/ixuxu\/wp-json\/wp\/v2\/comments?post=60599"}],"version-history":[{"count":1,"href":"https:\/\/edublog.educastur.es\/ixuxu\/wp-json\/wp\/v2\/posts\/60599\/revisions"}],"predecessor-version":[{"id":60600,"href":"https:\/\/edublog.educastur.es\/ixuxu\/wp-json\/wp\/v2\/posts\/60599\/revisions\/60600"}],"wp:attachment":[{"href":"https:\/\/edublog.educastur.es\/ixuxu\/wp-json\/wp\/v2\/media?parent=60599"}],"wp:term":[{"taxonomy":"category","embeddable":true,"href":"https:\/\/edublog.educastur.es\/ixuxu\/wp-json\/wp\/v2\/categories?post=60599"},{"taxonomy":"post_tag","embeddable":true,"href":"https:\/\/edublog.educastur.es\/ixuxu\/wp-json\/wp\/v2\/tags?post=60599"}],"curies":[{"name":"wp","href":"https:\/\/api.w.org\/{rel}","templated":true}]}}