{"id":60610,"date":"2025-10-29T14:26:54","date_gmt":"2025-10-29T12:26:54","guid":{"rendered":"https:\/\/edublog.educastur.es\/ixuxu\/?p=60610"},"modified":"2025-10-29T14:32:09","modified_gmt":"2025-10-29T12:32:09","slug":"la-riqueza-llinguistica-despana","status":"publish","type":"post","link":"https:\/\/edublog.educastur.es\/ixuxu\/2025\/10\/la-riqueza-llinguistica-despana\/","title":{"rendered":"La riqueza lling\u00fc\u00edstica d&#8217;Espa\u00f1a"},"content":{"rendered":"<p style=\"text-align: center\">\n<!-- iframe plugin v.6.0 wordpress.org\/plugins\/iframe\/ -->\n<iframe loading=\"lazy\" src=\"https:\/\/www.facebook.com\/plugins\/post.php?href=https%3A%2F%2Fwww.facebook.com%2FLenguachurraromancesycalandarios%2Fposts%2Fpfbid02fmXY7t93qEjhcumh232Qvrp5tSrpLFnkC1L5SemxmQtvBoAx4iZWMcaR117sTS2wl&#038;show_text=false&#038;width=500\" width=\"500\" height=\"369\" style=\"border:none;overflow:hidden\" scrolling=\"no\" frameborder=\"0\" allowfullscreen=\"true\" allow=\"autoplay; clipboard-write; encrypted-media; picture-in-picture; web-share\" 0=\"\/iframe\" class=\"iframe-class\"><\/iframe>\n<\/p>\n<p>Aparte de les lling\u00fces coficiales, el castellanu est\u00e1ndar, tie una varied\u00e1 de dialetos y acentos rexonales qu&#8217;arriquecen la llingua. Estes variaciones reflexen la deversid\u00e1 de la Peninsula Iberica y les\u00a0 sos influyencias hestoricas. <a href=\"https:\/\/scontent-mad1-1.xx.fbcdn.net\/v\/t39.30808-6\/572820422_1434433128682367_5106086499533723339_n.jpg?_nc_cat=106&amp;ccb=1-7&amp;_nc_sid=833d8c&amp;_nc_ohc=pMyN4SEtr_MQ7kNvwGAVdQ6&amp;_nc_oc=AdlQpM09nsHjmTmK2xNQ33MKd3MhP3OpJIZIvUjGUY9uX9mVKcNZ889IXFAQ8hPN_Mc&amp;_nc_zt=23&amp;_nc_ht=scontent-mad1-1.xx&amp;_nc_gid=L_rMVvYUdJzZ9ajzyjzEpw&amp;oh=00_AfepwxBw7dzgBWLfyGx4TJUZJY1ah_0pXCh18zJBioAMZw&amp;oe=6907C94C\">MAPA<\/a><\/p>\n","protected":false},"excerpt":{"rendered":"<p>Aparte de les lling\u00fces coficiales, el castellanu est\u00e1ndar, tie una varied\u00e1 de dialetos y acentos rexonales qu&#8217;arriquecen la llingua. Estes variaciones reflexen la deversid\u00e1 de la Peninsula Iberica y les\u00a0 sos influyencias hestoricas. MAPA<\/p>\n","protected":false},"author":117,"featured_media":0,"comment_status":"closed","ping_status":"open","sticky":false,"template":"","format":"standard","meta":{"footnotes":""},"categories":[179],"tags":[],"class_list":["post-60610","post","type-post","status-publish","format-standard","hentry","category-llingues"],"_links":{"self":[{"href":"https:\/\/edublog.educastur.es\/ixuxu\/wp-json\/wp\/v2\/posts\/60610","targetHints":{"allow":["GET"]}}],"collection":[{"href":"https:\/\/edublog.educastur.es\/ixuxu\/wp-json\/wp\/v2\/posts"}],"about":[{"href":"https:\/\/edublog.educastur.es\/ixuxu\/wp-json\/wp\/v2\/types\/post"}],"author":[{"embeddable":true,"href":"https:\/\/edublog.educastur.es\/ixuxu\/wp-json\/wp\/v2\/users\/117"}],"replies":[{"embeddable":true,"href":"https:\/\/edublog.educastur.es\/ixuxu\/wp-json\/wp\/v2\/comments?post=60610"}],"version-history":[{"count":1,"href":"https:\/\/edublog.educastur.es\/ixuxu\/wp-json\/wp\/v2\/posts\/60610\/revisions"}],"predecessor-version":[{"id":60611,"href":"https:\/\/edublog.educastur.es\/ixuxu\/wp-json\/wp\/v2\/posts\/60610\/revisions\/60611"}],"wp:attachment":[{"href":"https:\/\/edublog.educastur.es\/ixuxu\/wp-json\/wp\/v2\/media?parent=60610"}],"wp:term":[{"taxonomy":"category","embeddable":true,"href":"https:\/\/edublog.educastur.es\/ixuxu\/wp-json\/wp\/v2\/categories?post=60610"},{"taxonomy":"post_tag","embeddable":true,"href":"https:\/\/edublog.educastur.es\/ixuxu\/wp-json\/wp\/v2\/tags?post=60610"}],"curies":[{"name":"wp","href":"https:\/\/api.w.org\/{rel}","templated":true}]}}