{"id":60612,"date":"2025-10-31T14:35:03","date_gmt":"2025-10-31T12:35:03","guid":{"rendered":"https:\/\/edublog.educastur.es\/ixuxu\/?p=60612"},"modified":"2025-10-31T10:22:32","modified_gmt":"2025-10-31T08:22:32","slug":"lespanol-nel-mundu-anuariu-2025-del-institutu-cervantes","status":"publish","type":"post","link":"https:\/\/edublog.educastur.es\/ixuxu\/2025\/10\/lespanol-nel-mundu-anuariu-2025-del-institutu-cervantes\/","title":{"rendered":"\u00abL&#8217;espa\u00f1ol nel mundu\u00bb: Anuariu 2025 del Institutu Cervantes."},"content":{"rendered":"<div dir=\"auto\" style=\"text-align: center\"><a href=\"https:\/\/imgs.search.brave.com\/a_Bfs5ZUrQYY4qzWUSF8zHJp2A5TLFxXOJ0hm55CjB8\/rs:fit:500:0:1:0\/g:ce\/aHR0cHM6Ly91cGxv\/YWQud2lraW1lZGlh\/Lm9yZy93aWtpcGVk\/aWEvY29tbW9ucy90\/aHVtYi9jL2M5L0xv\/Z290aXBvX2RlbF9J\/bnN0aXR1dG9fQ2Vy\/dmFudGVzLnN2Zy8y\/NTBweC1Mb2dvdGlw\/b19kZWxfSW5zdGl0\/dXRvX0NlcnZhbnRl\/cy5zdmcucG5n\"><img loading=\"lazy\" decoding=\"async\" class=\"aligncenter \" src=\"https:\/\/imgs.search.brave.com\/a_Bfs5ZUrQYY4qzWUSF8zHJp2A5TLFxXOJ0hm55CjB8\/rs:fit:500:0:1:0\/g:ce\/aHR0cHM6Ly91cGxv\/YWQud2lraW1lZGlh\/Lm9yZy93aWtpcGVk\/aWEvY29tbW9ucy90\/aHVtYi9jL2M5L0xv\/Z290aXBvX2RlbF9J\/bnN0aXR1dG9fQ2Vy\/dmFudGVzLnN2Zy8y\/NTBweC1Mb2dvdGlw\/b19kZWxfSW5zdGl0\/dXRvX0NlcnZhbnRl\/cy5zdmcucG5n\" width=\"139\" height=\"139\" \/><\/a><\/div>\n<div dir=\"auto\"><\/div>\n<div dir=\"auto\">Ayeri present\u00f3se <a href=\"https:\/\/cvc.cervantes.es\/lengua\/anuario\/anuario_25\/el_espanol_en_el_mundo_anuario_instituto_cervantes_2025.pdf\"><strong>\u00abL&#8217;espa\u00f1ol nel mundu\u00bb<\/strong><\/a>, Anuariu 2025 del <a href=\"https:\/\/cervantes.org\/es\"><strong>Institutu Cervantes<\/strong><\/a>. <strong>Los falantes d&#8217;espa\u00f1ol crecieron 30 millones en 2025, un 5% m\u00e1s que l&#8217;a\u00f1u anterior<\/strong>, hasta algamar los 635.743 millones de falantes.<\/div>\n<div dir=\"auto\"><\/div>\n<div dir=\"auto\" style=\"text-align: center\">\n<!-- iframe plugin v.6.0 wordpress.org\/plugins\/iframe\/ -->\n<iframe loading=\"lazy\" src=\"https:\/\/www.facebook.com\/plugins\/post.php?href=https%3A%2F%2Fwww.facebook.com%2Falberto.buitragojimenez.7%2Fposts%2Fpfbid02vpYzpmrKNwRJsrVZUjmvReqJS6aoXvfwYzMoVBKTW6eJkxahssq8LdxdES7xQ5KTl&#038;show_text=false&#038;width=500\" width=\"500\" height=\"396\" style=\"border:none;overflow:hidden\" scrolling=\"no\" frameborder=\"0\" allowfullscreen=\"true\" allow=\"autoplay; clipboard-write; encrypted-media; picture-in-picture; web-share\" 0=\"\/iframe\" class=\"iframe-class\"><\/iframe>\n<\/div>\n<div dir=\"auto\"><\/div>\n<div dir=\"auto\">Los falantes de dominiu nativu son, per primer vegada, m\u00e1s de 500 millones. La llingua forma parte de la cultura, y non a la inversa. Y en el casu del espa\u00f1ol, forma parte de la cultura de 21 pa\u00edses&#8230; Bonu, de 22. <a href=\"https:\/\/scontent-mad1-1.xx.fbcdn.net\/v\/t39.30808-6\/574378809_4384550631870999_3826530758159241047_n.jpg?_nc_cat=103&amp;ccb=1-7&amp;_nc_sid=127cfc&amp;_nc_ohc=rU7ceg7zQTIQ7kNvwHyxTNu&amp;_nc_oc=Adl7J8RVXsxxpQUUlSIVmZlYc59Rglv8r48uE1VkQbLxGpjY4EEmtr82M7qhxLClaOo&amp;_nc_zt=23&amp;_nc_ht=scontent-mad1-1.xx&amp;_nc_gid=m-aNm_1l4LSKGSX4C3yRUw&amp;oh=00_Afe4-zIcyyQY7-tLoWBjbbBEV7L4Zicds7Z5AFApnGDjoQ&amp;oe=6907F1BA\"><strong>MAPA<\/strong> <\/a>\/<span class=\"html-span xdj266r x14z9mp xat24cr x1lziwak xexx8yu xyri2b x18d9i69 x1c1uobl x1hl2dhg x16tdsg8 x1vvkbs\"><a class=\"x1i10hfl xjbqb8w x1ejq31n x18oe1m7 x1sy0etr xstzfhl x972fbf x10w94by x1qhh985 x14e42zd x9f619 x1ypdohk xt0psk2 x3ct3a4 xdj266r x14z9mp xat24cr x1lziwak xexx8yu xyri2b x18d9i69 x1c1uobl x16tdsg8 x1hl2dhg xggy1nq x1a2a7pz xkrqix3 x1sur9pj x1fey0fg x1s688f\" role=\"link\" href=\"https:\/\/cvc.cervantes.es\/lengua\/anuario\/anuario_25\/?fbclid=IwZXh0bgNhZW0CMTAAYnJpZBEwZmRaNVBNS0t3VUJpZTJKYgEemdwy4bk374KugH0wvWywahY3v_7NXBBrp-BH9uOOjUFHg33QSPkMcg8NWq0_aem_veVsrwOhbHYn93u2g04mxQ\" target=\"_blank\" rel=\"nofollow noopener noreferrer\">https:\/\/cvc.cervantes.es\/lengua\/anuario\/anuario_25\/<\/a><\/span><\/div>\n","protected":false},"excerpt":{"rendered":"<p>Ayeri present\u00f3se \u00abL&#8217;espa\u00f1ol nel mundu\u00bb, Anuariu 2025 del Institutu Cervantes. Los falantes d&#8217;espa\u00f1ol crecieron 30 millones en 2025, un 5% m\u00e1s que l&#8217;a\u00f1u anterior, hasta algamar los 635.743 millones de falantes. Los falantes de dominiu nativu son, per primer vegada, m\u00e1s de 500 millones. La llingua forma parte de la cultura, y non a la [&hellip;]<\/p>\n","protected":false},"author":117,"featured_media":0,"comment_status":"closed","ping_status":"open","sticky":false,"template":"","format":"standard","meta":{"footnotes":""},"categories":[179],"tags":[],"class_list":["post-60612","post","type-post","status-publish","format-standard","hentry","category-llingues"],"_links":{"self":[{"href":"https:\/\/edublog.educastur.es\/ixuxu\/wp-json\/wp\/v2\/posts\/60612","targetHints":{"allow":["GET"]}}],"collection":[{"href":"https:\/\/edublog.educastur.es\/ixuxu\/wp-json\/wp\/v2\/posts"}],"about":[{"href":"https:\/\/edublog.educastur.es\/ixuxu\/wp-json\/wp\/v2\/types\/post"}],"author":[{"embeddable":true,"href":"https:\/\/edublog.educastur.es\/ixuxu\/wp-json\/wp\/v2\/users\/117"}],"replies":[{"embeddable":true,"href":"https:\/\/edublog.educastur.es\/ixuxu\/wp-json\/wp\/v2\/comments?post=60612"}],"version-history":[{"count":6,"href":"https:\/\/edublog.educastur.es\/ixuxu\/wp-json\/wp\/v2\/posts\/60612\/revisions"}],"predecessor-version":[{"id":60636,"href":"https:\/\/edublog.educastur.es\/ixuxu\/wp-json\/wp\/v2\/posts\/60612\/revisions\/60636"}],"wp:attachment":[{"href":"https:\/\/edublog.educastur.es\/ixuxu\/wp-json\/wp\/v2\/media?parent=60612"}],"wp:term":[{"taxonomy":"category","embeddable":true,"href":"https:\/\/edublog.educastur.es\/ixuxu\/wp-json\/wp\/v2\/categories?post=60612"},{"taxonomy":"post_tag","embeddable":true,"href":"https:\/\/edublog.educastur.es\/ixuxu\/wp-json\/wp\/v2\/tags?post=60612"}],"curies":[{"name":"wp","href":"https:\/\/api.w.org\/{rel}","templated":true}]}}