{"id":60620,"date":"2025-10-28T09:10:10","date_gmt":"2025-10-28T07:10:10","guid":{"rendered":"https:\/\/edublog.educastur.es\/ixuxu\/?p=60620"},"modified":"2025-10-29T15:32:49","modified_gmt":"2025-10-29T13:32:49","slug":"un-28-dochobre-inaugurose-la-estatua-de-la-lliberta","status":"publish","type":"post","link":"https:\/\/edublog.educastur.es\/ixuxu\/2025\/10\/un-28-dochobre-inaugurose-la-estatua-de-la-lliberta\/","title":{"rendered":"Un 28 d&#8217;ochobre, inaugur\u00f3se la Estatua de La Llibert\u00e1"},"content":{"rendered":"<p>Un 28 d&#8217;ochobre, inaugur\u00f3se la Estatua De La Llibert\u00e1 \ud83d\uddfd<\/p>\n<p style=\"text-align: center\"><a href=\"https:\/\/wallpapers.com\/images\/high\/statue-of-liberty-pictures-o4sbynzmgnxa30bn.webp\"><img loading=\"lazy\" decoding=\"async\" class=\"aligncenter \" src=\"https:\/\/wallpapers.com\/images\/high\/statue-of-liberty-pictures-o4sbynzmgnxa30bn.webp\" width=\"399\" height=\"599\" \/><\/a><\/p>\n<p><!--more--><\/p>\n<p><a href=\"https:\/\/wallpapers.com\/images\/high\/statue-of-liberty-pictures-k9oaxjvpohoqu860.webp\"><img loading=\"lazy\" decoding=\"async\" class=\"aligncenter size-large\" src=\"https:\/\/wallpapers.com\/images\/high\/statue-of-liberty-pictures-k9oaxjvpohoqu860.webp\" width=\"900\" height=\"506\" \/><\/a><\/p>\n<p>&nbsp;<\/p>\n<p style=\"text-align: center\">\n<!-- iframe plugin v.6.0 wordpress.org\/plugins\/iframe\/ -->\n<iframe loading=\"lazy\" src=\"https:\/\/www.facebook.com\/plugins\/post.php?href=https%3A%2F%2Fwww.facebook.com%2FRoyGallardoMonos%2Fposts%2Fpfbid02Ky5EYdM56ab2wtPQcL2pqKjMEo2YZUakshvGb55m4orrd4gYj5rrvoKhERq4BqaZl&#038;show_text=false&#038;width=500\" width=\"500\" height=\"498\" style=\"border:none;overflow:hidden\" scrolling=\"no\" frameborder=\"0\" allowfullscreen=\"true\" allow=\"autoplay; clipboard-write; encrypted-media; picture-in-picture; web-share\" 0=\"\/iframe\" class=\"iframe-class\"><\/iframe>\n<\/p>\n<p><a href=\"https:\/\/wallpapers.com\/images\/high\/statue-of-liberty-pictures-izcyei7iqjjpui5z.webp\"><img loading=\"lazy\" decoding=\"async\" class=\"aligncenter size-large\" src=\"https:\/\/wallpapers.com\/images\/high\/statue-of-liberty-pictures-izcyei7iqjjpui5z.webp\" width=\"900\" height=\"568\" \/><\/a><\/p>\n<p>&nbsp;<\/p>\n","protected":false},"excerpt":{"rendered":"<p>Un 28 d&#8217;ochobre, inaugur\u00f3se la Estatua De La Llibert\u00e1 \ud83d\uddfd<\/p>\n","protected":false},"author":117,"featured_media":0,"comment_status":"closed","ping_status":"open","sticky":false,"template":"","format":"standard","meta":{"footnotes":""},"categories":[25],"tags":[],"class_list":["post-60620","post","type-post","status-publish","format-standard","hentry","category-curiosidaes"],"_links":{"self":[{"href":"https:\/\/edublog.educastur.es\/ixuxu\/wp-json\/wp\/v2\/posts\/60620","targetHints":{"allow":["GET"]}}],"collection":[{"href":"https:\/\/edublog.educastur.es\/ixuxu\/wp-json\/wp\/v2\/posts"}],"about":[{"href":"https:\/\/edublog.educastur.es\/ixuxu\/wp-json\/wp\/v2\/types\/post"}],"author":[{"embeddable":true,"href":"https:\/\/edublog.educastur.es\/ixuxu\/wp-json\/wp\/v2\/users\/117"}],"replies":[{"embeddable":true,"href":"https:\/\/edublog.educastur.es\/ixuxu\/wp-json\/wp\/v2\/comments?post=60620"}],"version-history":[{"count":6,"href":"https:\/\/edublog.educastur.es\/ixuxu\/wp-json\/wp\/v2\/posts\/60620\/revisions"}],"predecessor-version":[{"id":60626,"href":"https:\/\/edublog.educastur.es\/ixuxu\/wp-json\/wp\/v2\/posts\/60620\/revisions\/60626"}],"wp:attachment":[{"href":"https:\/\/edublog.educastur.es\/ixuxu\/wp-json\/wp\/v2\/media?parent=60620"}],"wp:term":[{"taxonomy":"category","embeddable":true,"href":"https:\/\/edublog.educastur.es\/ixuxu\/wp-json\/wp\/v2\/categories?post=60620"},{"taxonomy":"post_tag","embeddable":true,"href":"https:\/\/edublog.educastur.es\/ixuxu\/wp-json\/wp\/v2\/tags?post=60620"}],"curies":[{"name":"wp","href":"https:\/\/api.w.org\/{rel}","templated":true}]}}