{"id":60627,"date":"2025-10-29T15:37:27","date_gmt":"2025-10-29T13:37:27","guid":{"rendered":"https:\/\/edublog.educastur.es\/ixuxu\/?p=60627"},"modified":"2025-11-01T16:05:07","modified_gmt":"2025-11-01T14:05:07","slug":"lalvertencia-del-filosofu-byung-chul-han","status":"publish","type":"post","link":"https:\/\/edublog.educastur.es\/ixuxu\/2025\/10\/lalvertencia-del-filosofu-byung-chul-han\/","title":{"rendered":"L&#8217;Alvertencia del fil\u00f3sofu Byung-Chul Han"},"content":{"rendered":"<div class=\"xdj266r x14z9mp xat24cr x1lziwak x1vvkbs x126k92a\">\n<blockquote>\n<div dir=\"auto\" style=\"text-align: center\"><span style=\"color: #008080;font-size: 20px\"><em><strong>\u00abNes redes sociales predomina l&#8217;odiu,<br \/>\nles mentires (noticies falses) y l&#8217;agresivid\u00e1\u00bb<\/strong><\/em><\/span><\/div>\n<\/blockquote>\n<div dir=\"auto\"><\/div>\n<div dir=\"auto\" style=\"text-align: center\"><a href=\"https:\/\/filco.es\/uploads\/2025\/09\/Han-analisis-1536x952.jpg\"><img loading=\"lazy\" decoding=\"async\" class=\"aligncenter size-large\" src=\"https:\/\/filco.es\/uploads\/2025\/09\/Han-analisis-1536x952.jpg\" width=\"1536\" height=\"952\" \/><\/a><\/div>\n<div dir=\"auto\"><\/div>\n<div dir=\"auto\"><span style=\"color: #008080\"><strong>\u201cLa tecnolox\u00eda puede esclavizar a la humanid\u00e1\u201d. <\/strong><\/span>Nel so reci\u00e9n discursu al recibir el Premiu Princesa d&#8217;Asturies de Comunicaci\u00f3n y Humanidaes 2025,\u00a0 <span style=\"color: #008080\"><span style=\"color: #000000\">Han sollert\u00f3 sobro&#8217;l poder de la tecnolox\u00eda ensin control: <\/span><\/span><span style=\"color: #008080\"><em>\u201cLa tecnolox\u00eda ensin \u00e9tica puede adquirir una forma monstruosa y volver a esclavizar al ser humanu\u201d.<\/em><\/span><\/div>\n<\/div>\n<p><!--more--><\/p>\n<div class=\"xdj266r x14z9mp xat24cr x1lziwak x1vvkbs x126k92a\">\n<div dir=\"auto\">Nel so acert\u00e1u diagn\u00f3sticu de la socied\u00e1 Neolliberal, Byung Chul Han, alvierte qu&#8217;<strong>unu de los signos m\u00e1s esmolecedores de la manera de ser actual ye&#8217;l de l&#8217;aceleraci\u00f3n xeneralizada\u00bb de la vida y les sos ocupaciones.<\/strong><\/div>\n<div dir=\"auto\"><\/div>\n<div dir=\"auto\">D&#8217;esta manera , la compulsi\u00f3n pola priesa y l&#8217;aceleraci\u00f3n esp\u00e1ndese ,dende la esfera de lo llaboral , escontra&#8217;l tiempu llibre. Conquistando, so esa l\u00f3xica, tol tiempu del d\u00eda . Esta peligrosa absolutizaci\u00f3n de la priesa produz una nueva manera de ser del humanu caracteriz\u00e1u, en bona midida, pola <strong>ausencia d&#8217;inactivid\u00e1 y contemplaci\u00f3n<\/strong>. Esto causa que , inclusive nel nuesu tiempu cotidianu consagr\u00e1u al descansu , tamos somet\u00edos al imperativu de producir y rindir. Asina ye como perdemos el sent\u00edu del ociu.<\/div>\n<div dir=\"auto\"><\/div>\n<div dir=\"auto\"><span style=\"color: #008080\"><strong>Lo primariamente humanu ye&#8217;l silenciu y la contemplaci\u00f3n.<\/strong><\/span> Magar ello, g\u00fcei, la esistencia humana, en xunto, esta siendo absorbida pola activid\u00e1\u201d. Ensin neng\u00fan tiempu para la observaci\u00f3n contemplativa, l<strong>&#8216;home degr\u00e1dase a la condici\u00f3n d&#8217;aut\u00f3mata<\/strong>, que solo val la funcionalidad-utilid\u00e1 de los sos movimientos y posibilidaes corporales. Hai que caltener esti armaz\u00f3n ensin esp\u00edritu dafechu sanu y granible. Acordies con Han (2018) esti cuerpu sanu puede interpretase como analox\u00eda d&#8217;una m\u00e1quina perfectamente aceitada y llimpia.<\/div>\n<div dir=\"auto\"><\/div>\n<div dir=\"auto\"><em><span style=\"color: #008080\">\u201cLa producci\u00f3n totalizose g\u00fcei convirti\u00e9ndose na \u00fanica forma de vida. La histeria cola Sal\u00fa ye, en postreru termino, la histeria cola producci\u00f3n\u201d\u00a0<\/span><\/em><\/div>\n<div dir=\"auto\"><\/div>\n<div dir=\"auto\" style=\"text-align: center\">\n<!-- iframe plugin v.6.0 wordpress.org\/plugins\/iframe\/ -->\n<iframe loading=\"lazy\" src=\"https:\/\/www.facebook.com\/plugins\/post.php?href=https%3A%2F%2Fwww.facebook.com%2Fjudith.gerbaldo%2Fposts%2Fpfbid028hLo5TW9soc7DCuSeZTvbCUwvmyedW8iFyvioDSLcyc69QdDd496M5tBGz13AUJCl&#038;show_text=false&#038;width=500\" width=\"500\" height=\"497\" style=\"border:none;overflow:hidden\" scrolling=\"no\" frameborder=\"0\" allowfullscreen=\"true\" allow=\"autoplay; clipboard-write; encrypted-media; picture-in-picture; web-share\" 0=\"\/iframe\" class=\"iframe-class\"><\/iframe>\n<\/div>\n<div dir=\"auto\"><\/div>\n<div dir=\"auto\"><strong><em><span style=\"color: #008080\">\u201cLos llogros culturales de la humanid\u00e1, a los que pertenez la filosof\u00eda, d\u00e9bense a una atenci\u00f3n fonda y contemplativa. La Cultura rique una redolada nel que s\u00eda posible una atenci\u00f3n fonda\u201d<\/span><\/em><\/strong><\/div>\n<div dir=\"auto\"><\/div>\n<div dir=\"auto\">El fil\u00f3sofu afirm\u00f3 que vivimos nuna era na qu&#8217;el smartphone y\u00e1 nun ye la nuesa ferramienta, sin\u00f3n que nos usa a n\u00f3s. Han alvierte que la combinaci\u00f3n d&#8217;algoritmos, plataformes dixitales ya Intelixencia Artificial puede conducir a una forma de dominiu invisible onde l&#8217;individuu convi\u00e9rtese en productu.<br \/>\nEl so llam\u00e1u: recuperar autonom\u00eda, valores humanos y una \u00e9tica fuerte primero que s\u00eda demasiao tarde.<\/div>\n<\/div>\n","protected":false},"excerpt":{"rendered":"<p>\u00abNes redes sociales predomina l&#8217;odiu, les mentires (noticies falses) y l&#8217;agresivid\u00e1\u00bb \u201cLa tecnolox\u00eda puede esclavizar a la humanid\u00e1\u201d. Nel so reci\u00e9n discursu al recibir el Premiu Princesa d&#8217;Asturies de Comunicaci\u00f3n y Humanidaes 2025,\u00a0 Han sollert\u00f3 sobro&#8217;l poder de la tecnolox\u00eda ensin control: \u201cLa tecnolox\u00eda ensin \u00e9tica puede adquirir una forma monstruosa y volver a esclavizar [&hellip;]<\/p>\n","protected":false},"author":117,"featured_media":0,"comment_status":"closed","ping_status":"open","sticky":false,"template":"","format":"standard","meta":{"footnotes":""},"categories":[353],"tags":[],"class_list":["post-60627","post","type-post","status-publish","format-standard","hentry","category-filosofia"],"_links":{"self":[{"href":"https:\/\/edublog.educastur.es\/ixuxu\/wp-json\/wp\/v2\/posts\/60627","targetHints":{"allow":["GET"]}}],"collection":[{"href":"https:\/\/edublog.educastur.es\/ixuxu\/wp-json\/wp\/v2\/posts"}],"about":[{"href":"https:\/\/edublog.educastur.es\/ixuxu\/wp-json\/wp\/v2\/types\/post"}],"author":[{"embeddable":true,"href":"https:\/\/edublog.educastur.es\/ixuxu\/wp-json\/wp\/v2\/users\/117"}],"replies":[{"embeddable":true,"href":"https:\/\/edublog.educastur.es\/ixuxu\/wp-json\/wp\/v2\/comments?post=60627"}],"version-history":[{"count":7,"href":"https:\/\/edublog.educastur.es\/ixuxu\/wp-json\/wp\/v2\/posts\/60627\/revisions"}],"predecessor-version":[{"id":60927,"href":"https:\/\/edublog.educastur.es\/ixuxu\/wp-json\/wp\/v2\/posts\/60627\/revisions\/60927"}],"wp:attachment":[{"href":"https:\/\/edublog.educastur.es\/ixuxu\/wp-json\/wp\/v2\/media?parent=60627"}],"wp:term":[{"taxonomy":"category","embeddable":true,"href":"https:\/\/edublog.educastur.es\/ixuxu\/wp-json\/wp\/v2\/categories?post=60627"},{"taxonomy":"post_tag","embeddable":true,"href":"https:\/\/edublog.educastur.es\/ixuxu\/wp-json\/wp\/v2\/tags?post=60627"}],"curies":[{"name":"wp","href":"https:\/\/api.w.org\/{rel}","templated":true}]}}