{"id":6064,"date":"2021-05-13T08:30:12","date_gmt":"2021-05-13T06:30:12","guid":{"rendered":"https:\/\/edublog.educastur.es\/ixuxu\/?p=6064"},"modified":"2021-05-17T13:16:12","modified_gmt":"2021-05-17T11:16:12","slug":"dia-de-la-infancia-hospitaliza","status":"publish","type":"post","link":"https:\/\/edublog.educastur.es\/ixuxu\/2021\/05\/dia-de-la-infancia-hospitaliza\/","title":{"rendered":"D\u00eda del Ne\u00f1u Hospitaliz\u00e1u"},"content":{"rendered":"<p style=\"text-align: center\"><a href=\"https:\/\/imgbox.es\/images\/2021\/05\/12\/infanciahosde526997b47ff464.jpg\"><img loading=\"lazy\" decoding=\"async\" class=\"alignnone\" src=\"https:\/\/imgbox.es\/images\/2021\/05\/12\/infanciahosde526997b47ff464.jpg\" alt=\"\" width=\"390\" height=\"525\" \/><\/a><\/p>\n<ul>\n<li><a href=\"https:\/\/www.facebook.com\/aulas.hospitalarias.3\">AULA Hospitalaria HUCA<\/a><\/li>\n<li><a href=\"https:\/\/youtu.be\/_duhm5BYYRQ\">Videu: Un beso redondo<\/a><\/li>\n<\/ul>\n<p>Son munchos los ne\u00f1os que s&#8217;atopen ingresaos nos hospitales d&#8217;Espa\u00f1a. Nesti d\u00eda, recu\u00e9rdase-yos nun xestu y una campa\u00f1a, que se repite a\u00f1u a a\u00f1u.<\/p>\n<ul>\n<li><a href=\"https:\/\/www.facebook.com\/100007078901181\/videos\/3093734334205833\/\">Ver videu<\/a><\/li>\n<\/ul>\n<p><!--more--><\/p>\n<p><em>Un total de 200 hospitales espa\u00f1oles celebren g\u00fcei&#8217;l D\u00eda del Ne\u00f1u Hospitaliz\u00e1u. N&#8217;Asturies, cuatro asociaciones entamaron un desfile nel esterior del Hospital Central d&#8217;Asturies p&#8217;animar a los peque\u00f1os ingresaos. <a href=\"https:\/\/www.rtpa.es\/noticias-sociedad-ast:Un-desfile-en-el-exterior-del-HUCA-para-conmemorar-el-Dia-del-Ni%C3%83%C2%B1o-Hospitalizado_111620901408.html?fbclid=IwAR1zidxErKT1hm7YfQU2Pa1VOh8c0xvL4gTL6q5sxBHc8qO27uie-oD_YVE\"><span style=\"color: #008080\"><strong>VIDEU<\/strong><\/span><\/a><br \/>\n<\/em><\/p>\n<ul>\n<li><a href=\"https:\/\/www.facebook.com\/aulas.hospitalarias.3\/videos\/3097122527200347\">VIDEO D\u00eda de la Poes\u00eda<\/a><\/li>\n<\/ul>\n<p>Los m\u00e1s peque\u00f1os t\u00e1n detr\u00e1s de les ventanes recibiendo los besos que-yos dan l&#8217;Asociaci\u00f3n Galb\u00e1n, Clowntigo, Narices Azules y Cruz Roja Moced\u00e1, organizaciones que lleven un a\u00f1u ensin poder sofitar a los peque\u00f1os y, como ellos, \u00e9chenlos de menos.<\/p>\n<p>Adapt\u00e1ronse con talleres y actividaes online, pero aseguren que nada pue sustituyir al cara a cara. Afortunadamente, esti a\u00f1u de pandemia los ingresos de menores amenorgaron abondo. Les organizaciones piden qu&#8217;esta xornada s&#8217;institucionalice y que se celebre como <span style=\"color: #008080\"><strong>D\u00eda Internacional del Ne\u00f1u Hospitaliz\u00e1u.<\/strong><\/span><\/p>\n<hr \/>\n<p style=\"text-align: center\">\n<!-- iframe plugin v.6.0 wordpress.org\/plugins\/iframe\/ -->\n<iframe loading=\"lazy\" width=\"100%\" height=\"364\" src=\"https:\/\/www.youtube.com\/embed\/_duhm5BYYRQ\" scrolling=\"yes\" class=\"iframe-class\" frameborder=\"0\"><\/iframe>\n<\/p>\n<ul>\n<li>Asociaci\u00f3n Galb\u00e1n, 12-05-2020. <a href=\"https:\/\/youtu.be\/_duhm5BYYRQ\" target=\"_blank\" rel=\"noopener\">D\u00cdADELNI\u00d1OHOSPITALIZADO<\/a> (Youtube)<\/li>\n<li><a href=\"https:\/\/www.asociaciongalban.org\/wp-content\/uploads\/2020\/05\/manifiesto_es-tiempo-de-uni%C3%B3n.pdf\" target=\"_blank\" rel=\"noopener\">Manifiesto. <em>Es tiempo de uni\u00f3n<\/em><\/a> (pdf)<\/li>\n<li><a href=\"https:\/\/eacnur.org\/blog\/en-que-consisten-los-derechos-del-nino-hospitalizado\/\" target=\"_blank\" rel=\"noopener\">Derechos del Ni\u00f1o Hospitalizado<\/a>. ACNUR (Agencia de la ONU para los refugiados. Comit\u00e9 espa\u00f1ol)<\/li>\n<\/ul>\n<p>&nbsp;<\/p>\n","protected":false},"excerpt":{"rendered":"<p>AULA Hospitalaria HUCA Videu: Un beso redondo Son munchos los ne\u00f1os que s&#8217;atopen ingresaos nos hospitales d&#8217;Espa\u00f1a. Nesti d\u00eda, recu\u00e9rdase-yos nun xestu y una campa\u00f1a, que se repite a\u00f1u a a\u00f1u. Ver videu<\/p>\n","protected":false},"author":117,"featured_media":0,"comment_status":"open","ping_status":"open","sticky":false,"template":"","format":"standard","meta":{"footnotes":""},"categories":[6],"tags":[],"class_list":["post-6064","post","type-post","status-publish","format-standard","hentry","category-dia-de"],"_links":{"self":[{"href":"https:\/\/edublog.educastur.es\/ixuxu\/wp-json\/wp\/v2\/posts\/6064","targetHints":{"allow":["GET"]}}],"collection":[{"href":"https:\/\/edublog.educastur.es\/ixuxu\/wp-json\/wp\/v2\/posts"}],"about":[{"href":"https:\/\/edublog.educastur.es\/ixuxu\/wp-json\/wp\/v2\/types\/post"}],"author":[{"embeddable":true,"href":"https:\/\/edublog.educastur.es\/ixuxu\/wp-json\/wp\/v2\/users\/117"}],"replies":[{"embeddable":true,"href":"https:\/\/edublog.educastur.es\/ixuxu\/wp-json\/wp\/v2\/comments?post=6064"}],"version-history":[{"count":10,"href":"https:\/\/edublog.educastur.es\/ixuxu\/wp-json\/wp\/v2\/posts\/6064\/revisions"}],"predecessor-version":[{"id":6180,"href":"https:\/\/edublog.educastur.es\/ixuxu\/wp-json\/wp\/v2\/posts\/6064\/revisions\/6180"}],"wp:attachment":[{"href":"https:\/\/edublog.educastur.es\/ixuxu\/wp-json\/wp\/v2\/media?parent=6064"}],"wp:term":[{"taxonomy":"category","embeddable":true,"href":"https:\/\/edublog.educastur.es\/ixuxu\/wp-json\/wp\/v2\/categories?post=6064"},{"taxonomy":"post_tag","embeddable":true,"href":"https:\/\/edublog.educastur.es\/ixuxu\/wp-json\/wp\/v2\/tags?post=6064"}],"curies":[{"name":"wp","href":"https:\/\/api.w.org\/{rel}","templated":true}]}}