{"id":60699,"date":"2025-10-31T21:00:22","date_gmt":"2025-10-31T19:00:22","guid":{"rendered":"https:\/\/edublog.educastur.es\/ixuxu\/?p=60699"},"modified":"2025-10-31T10:15:44","modified_gmt":"2025-10-31T08:15:44","slug":"turismu-nitalia-asturies-vivese-pasu-a-pasu","status":"publish","type":"post","link":"https:\/\/edublog.educastur.es\/ixuxu\/2025\/10\/turismu-nitalia-asturies-vivese-pasu-a-pasu\/","title":{"rendered":"Promoci\u00f3n d&#8217;Asturies n&#8217;italiano: Asturies: v\u00edvese, pasu a pasu"},"content":{"rendered":"<p style=\"text-align: center\">\n<!-- iframe plugin v.6.0 wordpress.org\/plugins\/iframe\/ -->\n<iframe loading=\"lazy\" width=\"100%\" height=\"423\" src=\"https:\/\/www.youtube.com\/embed\/05zKkyBtckM\" title=\"ASTURIE SELVAGGE - Un paradiso naturale tra oceano, montagne e sidro\" frameborder=\"0\" allow=\"accelerometer; autoplay; clipboard-write; encrypted-media; gyroscope; picture-in-picture; web-share\" referrerpolicy=\"strict-origin-when-cross-origin\" 0=\"allowfullscreen\" 1=\"\/iframe\" scrolling=\"yes\" class=\"iframe-class\"><\/iframe>\n<\/p>\n<p>Picos de caliar que s&#8217;estienden el cielu, pueblos color\u00edos suspend\u00edos pel mar, montes onde l&#8217;osu pardu inda camina llibre. Nun se crucia Asturies: v\u00edvese, pasu a pasu. Nesti viaxe remamos r\u00edos cristalinos, esguilamos senderos amoriaos, percorrimos montes y escuchamos el silenciu de los m\u00e1s aut\u00e9nticos de la naturaleza. Ente sidra, paisaxes impresionantes y alcuentros col osu, afayamos un cachu d&#8217;Espa\u00f1a qu&#8217;aguanta, alienda fuerte y cam\u00fadate per dientro. \ud83c\udfa5 Un cuentu visual ente adrenalina y contemplaci\u00f3n, pa los qu&#8217;amen l&#8217;aire llibre. <span style=\"color: #008080\"><strong>\ud83d\udccd Xix\u00f3n, Mari\u00f1a Verde, Picos d&#8217;Europa, Somiedu, Uvi\u00e9u, Sablera del Silenciu&#8230;\u00a0<\/strong><\/span><\/p>\n<p>&nbsp;<\/p>\n<p>&nbsp;<\/p>\n","protected":false},"excerpt":{"rendered":"<p>Picos de caliar que s&#8217;estienden el cielu, pueblos color\u00edos suspend\u00edos pel mar, montes onde l&#8217;osu pardu inda camina llibre. Nun se crucia Asturies: v\u00edvese, pasu a pasu. Nesti viaxe remamos r\u00edos cristalinos, esguilamos senderos amoriaos, percorrimos montes y escuchamos el silenciu de los m\u00e1s aut\u00e9nticos de la naturaleza. Ente sidra, paisaxes impresionantes y alcuentros col [&hellip;]<\/p>\n","protected":false},"author":117,"featured_media":0,"comment_status":"closed","ping_status":"open","sticky":false,"template":"","format":"standard","meta":{"footnotes":""},"categories":[18],"tags":[],"class_list":["post-60699","post","type-post","status-publish","format-standard","hentry","category-turismu"],"_links":{"self":[{"href":"https:\/\/edublog.educastur.es\/ixuxu\/wp-json\/wp\/v2\/posts\/60699","targetHints":{"allow":["GET"]}}],"collection":[{"href":"https:\/\/edublog.educastur.es\/ixuxu\/wp-json\/wp\/v2\/posts"}],"about":[{"href":"https:\/\/edublog.educastur.es\/ixuxu\/wp-json\/wp\/v2\/types\/post"}],"author":[{"embeddable":true,"href":"https:\/\/edublog.educastur.es\/ixuxu\/wp-json\/wp\/v2\/users\/117"}],"replies":[{"embeddable":true,"href":"https:\/\/edublog.educastur.es\/ixuxu\/wp-json\/wp\/v2\/comments?post=60699"}],"version-history":[{"count":3,"href":"https:\/\/edublog.educastur.es\/ixuxu\/wp-json\/wp\/v2\/posts\/60699\/revisions"}],"predecessor-version":[{"id":60719,"href":"https:\/\/edublog.educastur.es\/ixuxu\/wp-json\/wp\/v2\/posts\/60699\/revisions\/60719"}],"wp:attachment":[{"href":"https:\/\/edublog.educastur.es\/ixuxu\/wp-json\/wp\/v2\/media?parent=60699"}],"wp:term":[{"taxonomy":"category","embeddable":true,"href":"https:\/\/edublog.educastur.es\/ixuxu\/wp-json\/wp\/v2\/categories?post=60699"},{"taxonomy":"post_tag","embeddable":true,"href":"https:\/\/edublog.educastur.es\/ixuxu\/wp-json\/wp\/v2\/tags?post=60699"}],"curies":[{"name":"wp","href":"https:\/\/api.w.org\/{rel}","templated":true}]}}