{"id":60706,"date":"2025-10-30T08:30:26","date_gmt":"2025-10-30T06:30:26","guid":{"rendered":"https:\/\/edublog.educastur.es\/ixuxu\/?p=60706"},"modified":"2025-10-30T10:40:01","modified_gmt":"2025-10-30T08:40:01","slug":"el-tiempu-el-comercio-174","status":"publish","type":"post","link":"https:\/\/edublog.educastur.es\/ixuxu\/2025\/10\/el-tiempu-el-comercio-174\/","title":{"rendered":"El tiempu (El Comercio)"},"content":{"rendered":"<p><img decoding=\"async\" src=\"https:\/\/s3.ppllstatics.com\/elcomercio\/www\/multimedia\/2025\/10\/29\/prevision-tiempo-asturias2-kVwF-U2302588077118HVD-1200x870@El%20Comercio.jpg\" \/><\/p>\n<p>Vamos tener <strong>una xornada<\/strong> estable en ll\u00ednees xenerales. Los cielos van tar pocu nublos de primeres con encl\u00edn a apaecer nubes altes que, a lo sumo, van velar el cielu. Nun se refuga pela tarde la presencia de nubes de tipu mediu pero que tampoco van dexar precipitaciones. S\u00eda que non, podr\u00eda escapase <strong>a \u00faltima hora del d\u00eda<\/strong> dalguna gota nel suroccidente. <strong>Los vientos<\/strong> van soplar de sur-suroeste en tola met\u00e1 sur y nel sector occidental con intensid\u00e1 moderada. Nel restu, los vientos van ser fluexos. De cara al <strong>tramu final del d\u00eda<\/strong>, estos vientos de sur dir\u00e1n xeneraliz\u00e1ndose polo que van acabar afectando a tol Princip\u00e1u. Ello ye que prevese una madrugada de xueves a vienres bien airosa con raches que podr\u00eden aportar a localmente fuertes nel cordal y, especialmente, en Picos d&#8217;Europa. Tocantes a <strong>les temperatures<\/strong>, prevese un ascensu llixeru nel oeste asturianu y ensin grandes cambeos nel restu. <strong>Les m\u00ednimes<\/strong> van baxar en tola Comunid\u00e1 Aut\u00f3noma.<\/p>\n<p><!--more--><\/p>\n<p><strong> El vienres<\/strong> vamos tener cielos con nubes medies y altes. Prevese mayor *nubosidad escontra&#8217;l cordal y escontra l&#8217;oeste onde la probabilid\u00e1 de precipitaciones va ser mayor. Cuanto m\u00e1s movamos escontra&#8217;l norte y escontra l&#8217;oriente menos posibilid\u00e1 d&#8217;ag\u00fces va haber. Les temperatures van xubir especialmente nel casu de les m\u00ednimes. Va ser un ascensu notable y xeneralizao. Los vientos van soplar de sur con raches *localmente fuertes en zones de monte y moderaes nel restu d&#8217;Asturies, con encl\u00edn a perder intensid\u00e1 a midida que meyora&#8217;l d\u00eda.<\/p>\n","protected":false},"excerpt":{"rendered":"<p>Vamos tener una xornada estable en ll\u00ednees xenerales. Los cielos van tar pocu nublos de primeres con encl\u00edn a apaecer nubes altes que, a lo sumo, van velar el cielu. Nun se refuga pela tarde la presencia de nubes de tipu mediu pero que tampoco van dexar precipitaciones. S\u00eda que non, podr\u00eda escapase a \u00faltima [&hellip;]<\/p>\n","protected":false},"author":117,"featured_media":0,"comment_status":"closed","ping_status":"open","sticky":false,"template":"","format":"standard","meta":{"footnotes":""},"categories":[5],"tags":[],"class_list":["post-60706","post","type-post","status-publish","format-standard","hentry","category-tiempu"],"_links":{"self":[{"href":"https:\/\/edublog.educastur.es\/ixuxu\/wp-json\/wp\/v2\/posts\/60706","targetHints":{"allow":["GET"]}}],"collection":[{"href":"https:\/\/edublog.educastur.es\/ixuxu\/wp-json\/wp\/v2\/posts"}],"about":[{"href":"https:\/\/edublog.educastur.es\/ixuxu\/wp-json\/wp\/v2\/types\/post"}],"author":[{"embeddable":true,"href":"https:\/\/edublog.educastur.es\/ixuxu\/wp-json\/wp\/v2\/users\/117"}],"replies":[{"embeddable":true,"href":"https:\/\/edublog.educastur.es\/ixuxu\/wp-json\/wp\/v2\/comments?post=60706"}],"version-history":[{"count":1,"href":"https:\/\/edublog.educastur.es\/ixuxu\/wp-json\/wp\/v2\/posts\/60706\/revisions"}],"predecessor-version":[{"id":60707,"href":"https:\/\/edublog.educastur.es\/ixuxu\/wp-json\/wp\/v2\/posts\/60706\/revisions\/60707"}],"wp:attachment":[{"href":"https:\/\/edublog.educastur.es\/ixuxu\/wp-json\/wp\/v2\/media?parent=60706"}],"wp:term":[{"taxonomy":"category","embeddable":true,"href":"https:\/\/edublog.educastur.es\/ixuxu\/wp-json\/wp\/v2\/categories?post=60706"},{"taxonomy":"post_tag","embeddable":true,"href":"https:\/\/edublog.educastur.es\/ixuxu\/wp-json\/wp\/v2\/tags?post=60706"}],"curies":[{"name":"wp","href":"https:\/\/api.w.org\/{rel}","templated":true}]}}