{"id":60746,"date":"2025-10-31T15:00:44","date_gmt":"2025-10-31T13:00:44","guid":{"rendered":"https:\/\/edublog.educastur.es\/ixuxu\/?p=60746"},"modified":"2025-11-01T14:02:01","modified_gmt":"2025-11-01T12:02:01","slug":"samain-nuvieu","status":"publish","type":"post","link":"https:\/\/edublog.educastur.es\/ixuxu\/2025\/10\/samain-nuvieu\/","title":{"rendered":"Sama\u00edn n&#8217;Uvi\u00e9u: Solombres y lluces n&#8217;Uvi\u00e9u (visita teatraliz\u00e1)"},"content":{"rendered":"<p style=\"text-align: center\"><span class=\"x193iq5w xeuugli x13faqbe x1vvkbs xt0psk2 x1i0vuye xvs91rp xo1l8bm x5n08af x10wh9bi xpm28yp x8viiok x1o7cslx x126k92a\"><span class=\"html-span xexx8yu x4uap5 x18d9i69 xkhd6sd x1hl2dhg x16tdsg8 x1vvkbs x3nfvp2 x1j61x8r x1fcty0u xdj266r xat24cr xgzva0m xhhsvwb xxymvpz xlup9mm x1kky2od\">\n<!-- iframe plugin v.6.0 wordpress.org\/plugins\/iframe\/ -->\n<iframe loading=\"lazy\" src=\"https:\/\/www.instagram.com\/p\/DQZ1kRmDO1x\/embed\" width=\"500\" 0 1=\"class=&quot;x193iq5w\" 2=\"xeuugli\" 3=\"x13faqbe\" 4=\"x1vvkbs\" 5=\"xt0psk2\" 6=\"x1i0vuye\" 7=\"xvs91rp\" 8=\"xo1l8bm\" 9=\"x5n08af\" 10=\"x10wh9bi\" 11=\"xpm28yp\" 12=\"x8viiok\" 13=\"x1o7cslx\" 14 15=\"class=&quot;html-span\" 16=\"xexx8yu\" 17=\"x4uap5\" 18=\"x18d9i69\" 19=\"xkhd6sd\" 20=\"x1hl2dhg\" 21=\"x16tdsg8\" 22=\"x1vvkbs\" 23=\"x3nfvp2\" 24=\"x1j61x8r\" 25=\"x1fcty0u\" 26=\"xdj266r\" 27=\"xat24cr\" 28=\"xgzva0m\" 29=\"xhhsvwb\" 30=\"xxymvpz\" 31=\"xlup9mm\" 32=\"x1kky2od&quot;&gt;5&quot;\" 33=\"\/iframe\" height=\"500\" scrolling=\"yes\" class=\"iframe-class\" frameborder=\"0\"><\/iframe>\n<\/span><\/span><\/p>\n<p>\u00bfVas tar n&#8217;Uvi\u00e9u&#8217;l finde colos tos peques? \ud83c\udf83\ud83c\udf83\ud83c\udf83\ud83c\udf83<em><span style=\"color: #008080\">\ud83d\udcc6 vienres 31 d&#8217;ochobre y llunes 3 de payares Salida: Plaza de la Catedral<\/span><\/em><em><span style=\"color: #008080\">\ud83d\udd5b 18:00<\/span><\/em><em><span style=\"color: #008080\">\u23f360 minutos<\/span><\/em><em><span style=\"color: #008080\">\ud83c\udf9f\ufe0f Asistencia llibre y gratuita<\/span><\/em><\/p>\n<p>Nesta activid\u00e1 participares n&#8217;una visita empuesta y teatralizada poles cais d&#8217;Uvi\u00e9u, teniendo como tem\u00e1tica central les tradiciones venceyaes al 31 d&#8217;ochobre y 1\u00ba de payares, lleendes d&#8217;Uvi\u00e9u y mitolox\u00eda asturiana. Entama: Taller d&#8217;Empleo Uvi\u00e9u Esfruta Cultura y Escuela Taller Rehabilitaci\u00f3n Teatru Pumar\u00edn.<\/p>\n<div class=\"html-div xdj266r x14z9mp xat24cr x1lziwak xexx8yu x1a8lsjc xf7dkkf xv54qhq\">\n<div class=\"html-div xdj266r x14z9mp xat24cr x1lziwak xexx8yu xyri2b x18d9i69 x1c1uobl x1jx94hy x78zum5 x1q0g3np\">\n<div class=\"x78zum5 xdt5ytf xz62fqu x16ldp7u\">\n<div class=\"xu06os2 x1ok221b\">\n<div class=\"html-div xdj266r x14z9mp xat24cr x1lziwak xexx8yu xyri2b x18d9i69 x1c1uobl x6s0dn4 x17zd0t2 x78zum5 x1q0g3np x1a02dak\"><\/div>\n<\/div>\n<\/div>\n<\/div>\n<\/div>\n<p><!--more--><\/p>\n<div class=\"html-div xdj266r x14z9mp xat24cr x1lziwak xexx8yu xyri2b x18d9i69 x1c1uobl\" dir=\"auto\">\n<div class=\"html-div xdj266r x14z9mp xat24cr x1lziwak xexx8yu xyri2b x18d9i69 x1c1uobl\" dir=\"auto\">\n<div class=\"html-div xdj266r x14z9mp xat24cr x1lziwak xexx8yu xyri2b x18d9i69 x1c1uobl\" data-ad-rendering-role=\"story_message\">\n<div class=\"x1l90r2v x1iorvi4 x1g0dm76 xpdmqnj\" data-ad-comet-preview=\"message\" data-ad-preview=\"message\">\n<div class=\"x78zum5 xdt5ytf xz62fqu x16ldp7u\">\n<div class=\"xu06os2 x1ok221b\">\n<div class=\"html-div xdj266r x14z9mp xat24cr x1lziwak xexx8yu xyri2b x18d9i69 x1c1uobl\">\n<div class=\"xdj266r x14z9mp xat24cr x1lziwak x1vvkbs x126k92a\">\n<div dir=\"auto\">El centru d&#8217;Uvi\u00e9u sumose esta tarde a la celebraci\u00f3n del Sama\u00edn\/\u210c\ud835\udd1e\ud835\udd29\ud835\udd29\ud835\udd2c\ud835\udd34\ud835\udd22\ud835\udd22\ud835\udd2b col espect\u00e1culu teatral itinerante \ud835\udd70\ud835\udd91 \ud835\udd88\ud835\udd86\ud835\udd97\ud835\udd97\ud835\udd94 \ud835\udd89\ud835\udd8a \ud835\udd91\ud835\udd86 \ud835\udd7b\ud835\udd8a\ud835\udd98\ud835\udd99\ud835\udd8a. La conceyala de Festexos, <span class=\"html-span xdj266r x14z9mp xat24cr x1lziwak xexx8yu xyri2b x18d9i69 x1c1uobl x1hl2dhg x16tdsg8 x1vvkbs\"><a class=\"x1i10hfl xjbqb8w x1ejq31n x18oe1m7 x1sy0etr xstzfhl x972fbf x10w94by x1qhh985 x14e42zd x9f619 x1ypdohk xt0psk2 x3ct3a4 xdj266r x14z9mp xat24cr x1lziwak xexx8yu xyri2b x18d9i69 x1c1uobl x16tdsg8 x1hl2dhg xggy1nq x1a2a7pz xkrqix3 x1sur9pj x1fey0fg x1s688f\" role=\"link\" href=\"https:\/\/www.facebook.com\/CovadongaDiazOviedo?__cft__[0]=AZXifUQKKMzthPoELq8D8YbLXOnxrCqAsLgjIdlvsGQQ87PrAhU025Gs3kgm9DK6Qz-X-fCYfIP5cFrY9s8RPUHdoxBJr1Um4LkIi3qJNZUz2LqJzFgOKF55Ad_NhsaPRs4zejN76VA5CFjxDsHuQ5QL2-SPyRqFW0GKj4mmuWf05uQvlYjZmO-LhbkvnUlYBclOm0gsf5CCjNFbkdUTkd1y&amp;__tn__=-]K-y-R\"><span class=\"xt0psk2\"><span class=\"xjp7ctv\">Covadonga D\u00edaz<\/span><\/span><\/a><\/span>, asisti\u00f3 a la representaci\u00f3n de los actores de <span class=\"html-span xdj266r x14z9mp xat24cr x1lziwak xexx8yu xyri2b x18d9i69 x1c1uobl x1hl2dhg x16tdsg8 x1vvkbs\"><a class=\"x1i10hfl xjbqb8w x1ejq31n x18oe1m7 x1sy0etr xstzfhl x972fbf x10w94by x1qhh985 x14e42zd x9f619 x1ypdohk xt0psk2 x3ct3a4 xdj266r x14z9mp xat24cr x1lziwak xexx8yu xyri2b x18d9i69 x1c1uobl x16tdsg8 x1hl2dhg xggy1nq x1a2a7pz xkrqix3 x1sur9pj x1fey0fg x1s688f\" role=\"link\" href=\"https:\/\/www.facebook.com\/Teatrodelcuervo?__cft__[0]=AZXifUQKKMzthPoELq8D8YbLXOnxrCqAsLgjIdlvsGQQ87PrAhU025Gs3kgm9DK6Qz-X-fCYfIP5cFrY9s8RPUHdoxBJr1Um4LkIi3qJNZUz2LqJzFgOKF55Ad_NhsaPRs4zejN76VA5CFjxDsHuQ5QL2-SPyRqFW0GKj4mmuWf05uQvlYjZmO-LhbkvnUlYBclOm0gsf5CCjNFbkdUTkd1y&amp;__tn__=-]K-y-R\"><span class=\"xt0psk2\"><span class=\"xjp7ctv\">Teatro del Cuervo<\/span><\/span><\/a><\/span> nes cais del Cascu Antiguu. <a href=\"https:\/\/www.instagram.com\/reel\/DQe-9t0DATf\/?igsh=c\">VER REEL<\/a> \/<\/div>\n<div dir=\"auto\"><\/div>\n<\/div>\n<div dir=\"auto\" style=\"text-align: center\">\n<!-- iframe plugin v.6.0 wordpress.org\/plugins\/iframe\/ -->\n<iframe loading=\"lazy\" src=\"https:\/\/www.facebook.com\/plugins\/post.php?href=https%3A%2F%2Fwww.facebook.com%2Fphoto.php%3Ffbid%3D1243701937794627%26set%3Da.647557837409043%26type%3D3&#038;show_text=false&#038;width=500\" width=\"500\" height=\"761\" style=\"border:none;overflow:hidden\" scrolling=\"no\" frameborder=\"0\" allowfullscreen=\"true\" allow=\"autoplay; clipboard-write; encrypted-media; picture-in-picture; web-share\" 0=\"\/iframe\" class=\"iframe-class\"><\/iframe>\n<\/div>\n<\/div>\n<\/div>\n<\/div>\n<\/div>\n<\/div>\n<\/div>\n<\/div>\n<p>&nbsp;<\/p>\n","protected":false},"excerpt":{"rendered":"<p>\u00bfVas tar n&#8217;Uvi\u00e9u&#8217;l finde colos tos peques? \ud83c\udf83\ud83c\udf83\ud83c\udf83\ud83c\udf83\ud83d\udcc6 vienres 31 d&#8217;ochobre y llunes 3 de payares Salida: Plaza de la Catedral\ud83d\udd5b 18:00\u23f360 minutos\ud83c\udf9f\ufe0f Asistencia llibre y gratuita Nesta activid\u00e1 participares n&#8217;una visita empuesta y teatralizada poles cais d&#8217;Uvi\u00e9u, teniendo como tem\u00e1tica central les tradiciones venceyaes al 31 d&#8217;ochobre y 1\u00ba de payares, lleendes d&#8217;Uvi\u00e9u y [&hellip;]<\/p>\n","protected":false},"author":117,"featured_media":0,"comment_status":"closed","ping_status":"open","sticky":false,"template":"","format":"standard","meta":{"footnotes":""},"categories":[97],"tags":[],"class_list":["post-60746","post","type-post","status-publish","format-standard","hentry","category-samain"],"_links":{"self":[{"href":"https:\/\/edublog.educastur.es\/ixuxu\/wp-json\/wp\/v2\/posts\/60746","targetHints":{"allow":["GET"]}}],"collection":[{"href":"https:\/\/edublog.educastur.es\/ixuxu\/wp-json\/wp\/v2\/posts"}],"about":[{"href":"https:\/\/edublog.educastur.es\/ixuxu\/wp-json\/wp\/v2\/types\/post"}],"author":[{"embeddable":true,"href":"https:\/\/edublog.educastur.es\/ixuxu\/wp-json\/wp\/v2\/users\/117"}],"replies":[{"embeddable":true,"href":"https:\/\/edublog.educastur.es\/ixuxu\/wp-json\/wp\/v2\/comments?post=60746"}],"version-history":[{"count":8,"href":"https:\/\/edublog.educastur.es\/ixuxu\/wp-json\/wp\/v2\/posts\/60746\/revisions"}],"predecessor-version":[{"id":60758,"href":"https:\/\/edublog.educastur.es\/ixuxu\/wp-json\/wp\/v2\/posts\/60746\/revisions\/60758"}],"wp:attachment":[{"href":"https:\/\/edublog.educastur.es\/ixuxu\/wp-json\/wp\/v2\/media?parent=60746"}],"wp:term":[{"taxonomy":"category","embeddable":true,"href":"https:\/\/edublog.educastur.es\/ixuxu\/wp-json\/wp\/v2\/categories?post=60746"},{"taxonomy":"post_tag","embeddable":true,"href":"https:\/\/edublog.educastur.es\/ixuxu\/wp-json\/wp\/v2\/tags?post=60746"}],"curies":[{"name":"wp","href":"https:\/\/api.w.org\/{rel}","templated":true}]}}