{"id":60760,"date":"2025-10-31T10:01:13","date_gmt":"2025-10-31T08:01:13","guid":{"rendered":"https:\/\/edublog.educastur.es\/ixuxu\/?p=60760"},"modified":"2025-10-31T10:08:14","modified_gmt":"2025-10-31T08:08:14","slug":"samain-en-tolos-rincones-dasturies","status":"publish","type":"post","link":"https:\/\/edublog.educastur.es\/ixuxu\/2025\/10\/samain-en-tolos-rincones-dasturies\/","title":{"rendered":"Sama\u00edn en tolos rincones d&#8217;Asturies"},"content":{"rendered":"<p style=\"text-align: center\"><a href=\"https:\/\/drupal.gijon.es\/sites\/default\/files\/styles\/imagen_4_3\/public\/2024-10\/Samai%CC%81n%202024_cartelweb%20I%402x-100.jpg\"><img loading=\"lazy\" decoding=\"async\" class=\"aligncenter \" src=\"https:\/\/drupal.gijon.es\/sites\/default\/files\/styles\/imagen_4_3\/public\/2024-10\/Samai%CC%81n%202024_cartelweb%20I%402x-100.jpg\" width=\"649\" height=\"487\" \/><\/a><\/p>\n<p>\u00bfPero sabes que ye realmente&#8217;l Sama\u00edn? Nes cultures de raiga\u00f1u celta marcaba&#8217;l final del branu y l&#8217;entamu de los meses m\u00e1s escuros del a\u00f1u. Tami\u00e9n se consideraba como l&#8217;entamu del a\u00f1u nuevu. Nestos d\u00edes, les \u00e1nimes de los difuntos vuelven para pasiase ente los vivos y a percorrer los caminos y cases onde habitaron.<\/p>\n<p>Malapenes haya un rinc\u00f3n d&#8217;Asturies esta fin de selmana en el que nun se celebre una fiesta o activid\u00e1 ambientada nes tradiciones del 31 d&#8217;ochobre y el 1 de payares.<\/p>\n<p><!--more--><\/p>\n<p>Sesiones de maquillaxe y cuentacuentos, actuaciones musicales y espect\u00e1culos familiares, fiestes y desfiles d&#8217;amarutes son les pieces principales d&#8217;unes programaciones que, en dellos casos, esti\u00e9ndense casi una selmana. La mayor\u00eda d&#8217;estos planes de Sama\u00edn \/ Halloween t\u00e1n dirix\u00edos a los m\u00e1s pequenos, pensaos para compartir y esfruta.<\/p>\n<p style=\"text-align: center\"><a href=\"https:\/\/s2.ppllstatics.com\/elcomercio\/www\/multimedia\/2025\/10\/29\/halloween-asturias-kQVE-U24045627994CWE-1200x840@El%20Comercio.jpg\"><img loading=\"lazy\" decoding=\"async\" class=\"aligncenter \" src=\"https:\/\/s2.ppllstatics.com\/elcomercio\/www\/multimedia\/2025\/10\/29\/halloween-asturias-kQVE-U24045627994CWE-1200x840@El%20Comercio.jpg\" width=\"669\" height=\"470\" \/><\/a><\/p>\n","protected":false},"excerpt":{"rendered":"<p>\u00bfPero sabes que ye realmente&#8217;l Sama\u00edn? Nes cultures de raiga\u00f1u celta marcaba&#8217;l final del branu y l&#8217;entamu de los meses m\u00e1s escuros del a\u00f1u. Tami\u00e9n se consideraba como l&#8217;entamu del a\u00f1u nuevu. Nestos d\u00edes, les \u00e1nimes de los difuntos vuelven para pasiase ente los vivos y a percorrer los caminos y cases onde habitaron. Malapenes [&hellip;]<\/p>\n","protected":false},"author":117,"featured_media":0,"comment_status":"closed","ping_status":"open","sticky":false,"template":"","format":"standard","meta":{"footnotes":""},"categories":[97],"tags":[],"class_list":["post-60760","post","type-post","status-publish","format-standard","hentry","category-samain"],"_links":{"self":[{"href":"https:\/\/edublog.educastur.es\/ixuxu\/wp-json\/wp\/v2\/posts\/60760","targetHints":{"allow":["GET"]}}],"collection":[{"href":"https:\/\/edublog.educastur.es\/ixuxu\/wp-json\/wp\/v2\/posts"}],"about":[{"href":"https:\/\/edublog.educastur.es\/ixuxu\/wp-json\/wp\/v2\/types\/post"}],"author":[{"embeddable":true,"href":"https:\/\/edublog.educastur.es\/ixuxu\/wp-json\/wp\/v2\/users\/117"}],"replies":[{"embeddable":true,"href":"https:\/\/edublog.educastur.es\/ixuxu\/wp-json\/wp\/v2\/comments?post=60760"}],"version-history":[{"count":5,"href":"https:\/\/edublog.educastur.es\/ixuxu\/wp-json\/wp\/v2\/posts\/60760\/revisions"}],"predecessor-version":[{"id":60769,"href":"https:\/\/edublog.educastur.es\/ixuxu\/wp-json\/wp\/v2\/posts\/60760\/revisions\/60769"}],"wp:attachment":[{"href":"https:\/\/edublog.educastur.es\/ixuxu\/wp-json\/wp\/v2\/media?parent=60760"}],"wp:term":[{"taxonomy":"category","embeddable":true,"href":"https:\/\/edublog.educastur.es\/ixuxu\/wp-json\/wp\/v2\/categories?post=60760"},{"taxonomy":"post_tag","embeddable":true,"href":"https:\/\/edublog.educastur.es\/ixuxu\/wp-json\/wp\/v2\/tags?post=60760"}],"curies":[{"name":"wp","href":"https:\/\/api.w.org\/{rel}","templated":true}]}}