{"id":60762,"date":"2025-10-31T08:30:16","date_gmt":"2025-10-31T06:30:16","guid":{"rendered":"https:\/\/edublog.educastur.es\/ixuxu\/?p=60762"},"modified":"2025-10-31T10:08:55","modified_gmt":"2025-10-31T08:08:55","slug":"el-tiempu-el-comercio-175","status":"publish","type":"post","link":"https:\/\/edublog.educastur.es\/ixuxu\/2025\/10\/el-tiempu-el-comercio-175\/","title":{"rendered":"El tiempu (El Comercio)"},"content":{"rendered":"<p style=\"text-align: left\"><a href=\"https:\/\/s2.ppllstatics.com\/elcomercio\/www\/multimedia\/2025\/10\/30\/prevision-tiempo-asturias-kSuH-U2302588077118HVD-1200x870@El%20Comercio.jpg\"><img loading=\"lazy\" decoding=\"async\" class=\"aligncenter size-large\" src=\"https:\/\/s2.ppllstatics.com\/elcomercio\/www\/multimedia\/2025\/10\/30\/prevision-tiempo-asturias-kSuH-U2302588077118HVD-1200x870@El%20Comercio.jpg\" width=\"1200\" height=\"870\" \/><\/a>Esperamos una xornada marcada polos vientos de sur-suroeste que van soplar con cierta intensid\u00e1. Les raches van ser localmente fuertes nel cordal y tami\u00e9n n&#8217;otres zones espuestes del sector occidental. Nel restu de la rex\u00f3n les raches van ser moderaes pudiendo algamar los 60 km\/h. <strong>L&#8217;Axencia Estatal de Meteorolox\u00eda<\/strong> va tener activ\u00e1u l&#8217;avisu mariellu hasta les 15:00 hores de la tarde nel cordal por raches que podr\u00eden rexistrar los 90 km\/h. Ello ye que seg\u00fan los modelos meteorol\u00f3xicos, ye probable qu&#8217;en puntos de Picos d&#8217;Europa pu\u00e9danse inclusive algamar los 100 km\/h.<\/p>\n<p style=\"text-align: left\">En cuanto al<strong> est\u00e1u de los cielos<\/strong>, como vien siendo habitual en situaciones nes que soplen con intensid\u00e1 los vientos de sur-suroeste, les nubes van quedar acutaes nel so mayor parte nel suroeste y nel cordal onde nun se refuga que pueda escapase dalguna gota mientres el d\u00eda. Nel restu <strong>les nubes<\/strong> van ser de tipu altu que podr\u00eden, a lo sumo, dexar el cielu atapec\u00edu. <strong>Les temperatures m\u00e1ximes<\/strong> van xubir llixeramente en tola mari\u00f1a y tami\u00e9n en zones del centru del Princip\u00e1u, ente que nel restu apenes van variar respectu al xueves. <strong>Les m\u00ednimes<\/strong> van xubir de forma notable y xeneralizada pudiendo rexistrase hasta 6\/8 \u00baC m\u00e1s altes gracies los vientos de componente sur enantes mentaos.<\/p>\n<p><!--more--><\/p>\n<p style=\"text-align: left\">El s\u00e1badu preven cielos bien nublos con precipitaciones pela ma\u00f1ana que van percorrer la rex\u00f3n d&#8217;occidente a oriente. Estes ag\u00fces van unviar mientres el d\u00eda salvu nel sector oriental onde ent\u00e1 podr\u00eden esperase pela tarde. Les temperatures van baxar tanto les m\u00e1ximes como les m\u00ednimes.<\/p>\n","protected":false},"excerpt":{"rendered":"<p>Esperamos una xornada marcada polos vientos de sur-suroeste que van soplar con cierta intensid\u00e1. Les raches van ser localmente fuertes nel cordal y tami\u00e9n n&#8217;otres zones espuestes del sector occidental. Nel restu de la rex\u00f3n les raches van ser moderaes pudiendo algamar los 60 km\/h. L&#8217;Axencia Estatal de Meteorolox\u00eda va tener activ\u00e1u l&#8217;avisu mariellu hasta [&hellip;]<\/p>\n","protected":false},"author":117,"featured_media":0,"comment_status":"closed","ping_status":"open","sticky":false,"template":"","format":"standard","meta":{"footnotes":""},"categories":[1,5],"tags":[],"class_list":["post-60762","post","type-post","status-publish","format-standard","hentry","category-sin-categoria","category-tiempu"],"_links":{"self":[{"href":"https:\/\/edublog.educastur.es\/ixuxu\/wp-json\/wp\/v2\/posts\/60762","targetHints":{"allow":["GET"]}}],"collection":[{"href":"https:\/\/edublog.educastur.es\/ixuxu\/wp-json\/wp\/v2\/posts"}],"about":[{"href":"https:\/\/edublog.educastur.es\/ixuxu\/wp-json\/wp\/v2\/types\/post"}],"author":[{"embeddable":true,"href":"https:\/\/edublog.educastur.es\/ixuxu\/wp-json\/wp\/v2\/users\/117"}],"replies":[{"embeddable":true,"href":"https:\/\/edublog.educastur.es\/ixuxu\/wp-json\/wp\/v2\/comments?post=60762"}],"version-history":[{"count":3,"href":"https:\/\/edublog.educastur.es\/ixuxu\/wp-json\/wp\/v2\/posts\/60762\/revisions"}],"predecessor-version":[{"id":60765,"href":"https:\/\/edublog.educastur.es\/ixuxu\/wp-json\/wp\/v2\/posts\/60762\/revisions\/60765"}],"wp:attachment":[{"href":"https:\/\/edublog.educastur.es\/ixuxu\/wp-json\/wp\/v2\/media?parent=60762"}],"wp:term":[{"taxonomy":"category","embeddable":true,"href":"https:\/\/edublog.educastur.es\/ixuxu\/wp-json\/wp\/v2\/categories?post=60762"},{"taxonomy":"post_tag","embeddable":true,"href":"https:\/\/edublog.educastur.es\/ixuxu\/wp-json\/wp\/v2\/tags?post=60762"}],"curies":[{"name":"wp","href":"https:\/\/api.w.org\/{rel}","templated":true}]}}