{"id":6078,"date":"2021-05-02T12:00:53","date_gmt":"2021-05-02T10:00:53","guid":{"rendered":"https:\/\/edublog.educastur.es\/ixuxu\/?p=6078"},"modified":"2021-05-12T22:47:48","modified_gmt":"2021-05-12T20:47:48","slug":"homenaxe-a-les-madres","status":"publish","type":"post","link":"https:\/\/edublog.educastur.es\/ixuxu\/2021\/05\/homenaxe-a-les-madres\/","title":{"rendered":"Homenaxe a les madres"},"content":{"rendered":"<ul>\n<li class=\"font-size-xxl margin-b-5 font-weight-b color-b-050 letter-spacing--1\"><a href=\"https:\/\/www.rtpa.es\/noticias-sociedad-ast:Dos-pastores-de-la-Monta%C3%83%C2%B1a-de-Covadonga-homenajean-a-las-madres-en-la-Santa-Cueva_111619973572.html\">RTPA: Dos pastores del Monte de Cuadonga homenaxeen a les madres na Santa Cueva<\/a><\/li>\n<\/ul>\n<h4 class=\"font-size-l padding-b-20\" style=\"text-align: center\"><span style=\"color: #008080;font-size: 20px\"><em>Espardimientu de la poes\u00eda frente a la Santina<\/em><\/span><\/h4>\n<p>Dos pastores del Monte de Cuadonga homenaxearon a les madres na Santa Cueva frente a la Santina. Fici\u00e9ronlo lleendo una poes\u00eda frente a ella. D\u2019esta manera, Asturies Capital Mundial de la Poes\u00eda impulsa una nueva y in\u00e9dita iniciativa pa siguir espardiendo la poes\u00eda per tolos medios posibles.<\/p>\n","protected":false},"excerpt":{"rendered":"<p>RTPA: Dos pastores del Monte de Cuadonga homenaxeen a les madres na Santa Cueva Espardimientu de la poes\u00eda frente a la Santina Dos pastores del Monte de Cuadonga homenaxearon a les madres na Santa Cueva frente a la Santina. Fici\u00e9ronlo lleendo una poes\u00eda frente a ella. D\u2019esta manera, Asturies Capital Mundial de la Poes\u00eda impulsa [&hellip;]<\/p>\n","protected":false},"author":117,"featured_media":0,"comment_status":"open","ping_status":"open","sticky":false,"template":"","format":"standard","meta":{"footnotes":""},"categories":[6],"tags":[],"class_list":["post-6078","post","type-post","status-publish","format-standard","hentry","category-dia-de"],"_links":{"self":[{"href":"https:\/\/edublog.educastur.es\/ixuxu\/wp-json\/wp\/v2\/posts\/6078","targetHints":{"allow":["GET"]}}],"collection":[{"href":"https:\/\/edublog.educastur.es\/ixuxu\/wp-json\/wp\/v2\/posts"}],"about":[{"href":"https:\/\/edublog.educastur.es\/ixuxu\/wp-json\/wp\/v2\/types\/post"}],"author":[{"embeddable":true,"href":"https:\/\/edublog.educastur.es\/ixuxu\/wp-json\/wp\/v2\/users\/117"}],"replies":[{"embeddable":true,"href":"https:\/\/edublog.educastur.es\/ixuxu\/wp-json\/wp\/v2\/comments?post=6078"}],"version-history":[{"count":3,"href":"https:\/\/edublog.educastur.es\/ixuxu\/wp-json\/wp\/v2\/posts\/6078\/revisions"}],"predecessor-version":[{"id":6082,"href":"https:\/\/edublog.educastur.es\/ixuxu\/wp-json\/wp\/v2\/posts\/6078\/revisions\/6082"}],"wp:attachment":[{"href":"https:\/\/edublog.educastur.es\/ixuxu\/wp-json\/wp\/v2\/media?parent=6078"}],"wp:term":[{"taxonomy":"category","embeddable":true,"href":"https:\/\/edublog.educastur.es\/ixuxu\/wp-json\/wp\/v2\/categories?post=6078"},{"taxonomy":"post_tag","embeddable":true,"href":"https:\/\/edublog.educastur.es\/ixuxu\/wp-json\/wp\/v2\/tags?post=6078"}],"curies":[{"name":"wp","href":"https:\/\/api.w.org\/{rel}","templated":true}]}}