{"id":60793,"date":"2025-10-31T14:33:08","date_gmt":"2025-10-31T12:33:08","guid":{"rendered":"https:\/\/edublog.educastur.es\/ixuxu\/?p=60793"},"modified":"2025-11-01T15:18:41","modified_gmt":"2025-11-01T13:18:41","slug":"la-familia-castanon-ya-forma-parte-del-museu-del-pueblu-dasturies","status":"publish","type":"post","link":"https:\/\/edublog.educastur.es\/ixuxu\/2025\/10\/la-familia-castanon-ya-forma-parte-del-museu-del-pueblu-dasturies\/","title":{"rendered":"&#8216;La familia Casta\u00f1\u00f3n&#8217; y\u00e1 forma parte del Mus\u00e9u del Pueblu d&#8217;Asturies"},"content":{"rendered":"<p><a href=\"https:\/\/www.rtpa.es\/noticias-sociedad-ast\/2025-10-30\/'La-familia-Casta%C3%B1on'-ya-forma-parte-del-Museu-del-Pueblu-d'Asturies_111761830420.html\">TPA<\/a> \/ La obra del historietista Igor Medio foi mandada al mus\u00e9u pola so familia.\u00a0 La familia Casta\u00f1\u00f3n, el g\u00fcelu, el guah.e, la madre, el padre y la guah.a Casta\u00f1\u00f3n, tan populares na d\u00e9cada de los 90 protagonicen la obra m\u00e1s conocida, que non la \u00fanica, del historietista y m\u00fasicu Igor Medio, muertu fai y\u00e1 cuasi 20 a\u00f1os. El so leg\u00e1u ta y\u00e1 nel Mus\u00e9u del Pueblu d&#8217;Asturies. <span class=\"x193iq5w xeuugli x13faqbe x1vvkbs x1xmvt09 x1f6kntn xvq8zen xo1l8bm xi81zsa\"><span class=\"xt0psk2\"><span class=\"xjp7ctv\"><a class=\"x1i10hfl xjbqb8w x1ejq31n x18oe1m7 x1sy0etr xstzfhl x972fbf x10w94by x1qhh985 x14e42zd x9f619 x1ypdohk xt0psk2 x3ct3a4 xdj266r x14z9mp xat24cr x1lziwak xexx8yu xyri2b x18d9i69 x1c1uobl x16tdsg8 x1hl2dhg xggy1nq x1a2a7pz xkrqix3 x1sur9pj xzsf02u x1s688f\" role=\"link\" href=\"https:\/\/www.facebook.com\/MuseudelPuebludAsturies?__cft__[0]=AZWdsPgnDZWfas9rl1yvS0wXiNiU1YvlZRTlpXwQjeoM6D8ubw-U22WvWOHFDodoVdSW2qvY5jW55P-74eN6Fon2Kn6ebSqnVZ4yUvH8_gbso-1FfzsU3fFosLKXg7nslgtmhL686SWEJyLr6lg-CjxqF4TuTkhzwfCjgKHkqPTi7hSuA9GExxNB0CA7KpS9LV7ZsBDlXTjIuYoxDpAuN2gu&amp;__tn__=-UC*F\">Mus\u00e9u del Pueblu d&#8217;Asturies.<\/a><\/span><\/span><\/span><\/p>\n<p style=\"text-align: center\">\n<!-- iframe plugin v.6.0 wordpress.org\/plugins\/iframe\/ -->\n<iframe loading=\"lazy\" src=\"https:\/\/www.facebook.com\/plugins\/post.php?href=https%3A%2F%2Fwww.facebook.com%2FMuseudelPuebludAsturies%2Fposts%2Fpfbid02DWhk2pg41NemiNQiugnLempuLkL8vDASR6ebKDWNsFUZGEEECG17Vd3DHCgXG51il&#038;show_text=false&#038;width=500\" width=\"500\" height=\"320\" style=\"border:none;overflow:hidden\" scrolling=\"no\" frameborder=\"0\" allowfullscreen=\"true\" allow=\"autoplay; clipboard-write; encrypted-media; picture-in-picture; web-share\" 0=\"\/iframe\" class=\"iframe-class\"><\/iframe>\n<\/p>\n<p><!--more--><\/p>\n<p style=\"text-align: center\"><a href=\"https:\/\/www.rtpa.es\/fotos\/\/25\/10\/20251030142734_RTPA7287691.webp\"><img loading=\"lazy\" decoding=\"async\" class=\"aligncenter size-large\" src=\"https:\/\/www.rtpa.es\/fotos\/\/25\/10\/20251030142734_RTPA7287691.webp\" width=\"853\" height=\"480\" \/><\/a><\/p>\n<p>&nbsp;<\/p>\n<p>&nbsp;<\/p>\n<p>Arrodiada d&#8217;amigos, sos y del so f\u00edu, la madre d&#8217;Igor Medio llegaba al llugar que dende g\u00fcei curia tol so leg\u00e1u, porque y\u00e1 pasaron cuasi dos d\u00e9cades del desgraci\u00e1u accidente nel qu&#8217;\u00e9l y Carlos Redondo, componentes de Felpeyu perdieron la vida. Ente sentimientos atopaos, familiares y amigos recordaron la obra d&#8217;un gran historietista. Sonia Tuya don\u00f3 al mus\u00e9u tola obra gr\u00e1fica del so f\u00edu: 1.300 documentos.<\/p>\n<p>El pr\u00f3ximo jueves, 30 de octubre, a las 12:00 h, <strong>presentamos p\u00fablicamente la donaci\u00f3n del archivo del dibujante, ilustrador y m\u00fasico Igor Medio<\/strong> (1972-2006) al Mus\u00e9u del Pueblu d\u2019Asturies. El archivo est\u00e1 formado por los dibujos originales de c\u00f3mics, carteles, caricaturas y otros muchos materiales de este polifac\u00e9tico autor nacido en el barrio de El Natahoyo, en Xix\u00f3n. En la imagen, la primera vi\u00f1eta de \u00abLa familia Casta\u00f1\u00f3n. Xente llano de Xix\u00f3n\u00bb, publicada en La Nueva Espa\u00f1a el 1 de julio de 1997.<\/p>\n","protected":false},"excerpt":{"rendered":"<p>TPA \/ La obra del historietista Igor Medio foi mandada al mus\u00e9u pola so familia.\u00a0 La familia Casta\u00f1\u00f3n, el g\u00fcelu, el guah.e, la madre, el padre y la guah.a Casta\u00f1\u00f3n, tan populares na d\u00e9cada de los 90 protagonicen la obra m\u00e1s conocida, que non la \u00fanica, del historietista y m\u00fasicu Igor Medio, muertu fai y\u00e1 [&hellip;]<\/p>\n","protected":false},"author":117,"featured_media":0,"comment_status":"closed","ping_status":"open","sticky":false,"template":"","format":"standard","meta":{"footnotes":""},"categories":[57],"tags":[],"class_list":["post-60793","post","type-post","status-publish","format-standard","hentry","category-comic"],"_links":{"self":[{"href":"https:\/\/edublog.educastur.es\/ixuxu\/wp-json\/wp\/v2\/posts\/60793","targetHints":{"allow":["GET"]}}],"collection":[{"href":"https:\/\/edublog.educastur.es\/ixuxu\/wp-json\/wp\/v2\/posts"}],"about":[{"href":"https:\/\/edublog.educastur.es\/ixuxu\/wp-json\/wp\/v2\/types\/post"}],"author":[{"embeddable":true,"href":"https:\/\/edublog.educastur.es\/ixuxu\/wp-json\/wp\/v2\/users\/117"}],"replies":[{"embeddable":true,"href":"https:\/\/edublog.educastur.es\/ixuxu\/wp-json\/wp\/v2\/comments?post=60793"}],"version-history":[{"count":3,"href":"https:\/\/edublog.educastur.es\/ixuxu\/wp-json\/wp\/v2\/posts\/60793\/revisions"}],"predecessor-version":[{"id":60919,"href":"https:\/\/edublog.educastur.es\/ixuxu\/wp-json\/wp\/v2\/posts\/60793\/revisions\/60919"}],"wp:attachment":[{"href":"https:\/\/edublog.educastur.es\/ixuxu\/wp-json\/wp\/v2\/media?parent=60793"}],"wp:term":[{"taxonomy":"category","embeddable":true,"href":"https:\/\/edublog.educastur.es\/ixuxu\/wp-json\/wp\/v2\/categories?post=60793"},{"taxonomy":"post_tag","embeddable":true,"href":"https:\/\/edublog.educastur.es\/ixuxu\/wp-json\/wp\/v2\/tags?post=60793"}],"curies":[{"name":"wp","href":"https:\/\/api.w.org\/{rel}","templated":true}]}}