{"id":60823,"date":"2025-11-05T09:15:09","date_gmt":"2025-11-05T07:15:09","guid":{"rendered":"https:\/\/edublog.educastur.es\/ixuxu\/?p=60823"},"modified":"2025-10-31T12:50:08","modified_gmt":"2025-10-31T10:50:08","slug":"premiu-camareta-al-meyor-cantar-vienres-7-de-payares-en-l-lena","status":"publish","type":"post","link":"https:\/\/edublog.educastur.es\/ixuxu\/2025\/11\/premiu-camareta-al-meyor-cantar-vienres-7-de-payares-en-l-lena\/","title":{"rendered":"Premiu Camaret\u00e1 al Meyor Cantar: vienres 7 de payares, en L.lena"},"content":{"rendered":"<div class=\"html-div xdj266r x14z9mp xat24cr x1lziwak xexx8yu x1a8lsjc xf7dkkf xv54qhq\">\n<div class=\"html-div xdj266r x14z9mp xat24cr x1lziwak xexx8yu xyri2b x18d9i69 x1c1uobl x1jx94hy x78zum5 x1q0g3np\">\n<div class=\"x78zum5 xdt5ytf xz62fqu x16ldp7u\">\n<div class=\"xu06os2 x1ok221b\">\n<div class=\"html-div xdj266r x14z9mp xat24cr x1lziwak xexx8yu xyri2b x18d9i69 x1c1uobl\" data-ad-rendering-role=\"profile_name\">\n<ul>\n<li class=\"html-h3 x14z9mp xat24cr x1lziwak xexx8yu xyri2b x18d9i69 x1c1uobl x1vvkbs x1heor9g x1qlqyl8 x1pd3egz x1a2a7pz x1gslohp x1yc453h\"><span class=\"x1lliihq x6ikm8r x10wlt62 x1n2onr6\"><span class=\"xt0psk2\"><a class=\"x1i10hfl xjbqb8w x1ejq31n x18oe1m7 x1sy0etr xstzfhl x972fbf x10w94by x1qhh985 x14e42zd x9f619 x1ypdohk xt0psk2 x3ct3a4 xdj266r x14z9mp xat24cr x1lziwak xexx8yu xyri2b x18d9i69 x1c1uobl x16tdsg8 x1hl2dhg xggy1nq x1a2a7pz xkrqix3 x1sur9pj xzsf02u x1s688f\" role=\"link\" href=\"https:\/\/www.facebook.com\/culturaAST?__cft__[0]=AZWJlJUhyjMpIWh6XjMl9oDS1Tx4XD0Ss4DLwLKbZAozBKM41lK3MHB5A6apvXJgrzFkgP-cdtbRAy024RS9XCZOyurW4RNqgZfkVzvdOYbSccwsrWjoGDSeMZmfa2m5S2ovmP4bCVIbEiWvFS0FtSKed3Etq0DwZHqvHb82Y1ag9XNCBEqTh-XogjRHmDYZBVUpMUuYBA1IBFPu4QeZRCSvKZ6Tp8dtdn0I-co6CLEPKw&amp;__tn__=-UC%2CP-y-R\"><b class=\"html-b xdj266r x14z9mp xat24cr x1lziwak xexx8yu xyri2b x18d9i69 x1c1uobl x1hl2dhg x16tdsg8 x1vvkbs x1s688f\"><span class=\"html-span xdj266r x14z9mp xat24cr x1lziwak xexx8yu xyri2b x18d9i69 x1c1uobl x1hl2dhg x16tdsg8 x1vvkbs\">Conseyer\u00eda de Cultura, Pol\u00edtica Lling\u00fc\u00edstica y Deporte<\/span><\/b><\/a><\/span><\/span><\/li>\n<\/ul>\n<p style=\"text-align: center\"><a href=\"https:\/\/www.asturiesculturaenrede.es\/premiucamaretaalmeyorcantar\/images\/CabeceraCamareta.png\"><img loading=\"lazy\" decoding=\"async\" class=\"aligncenter size-large\" src=\"https:\/\/www.asturiesculturaenrede.es\/premiucamaretaalmeyorcantar\/images\/CabeceraCamareta.png\" width=\"1080\" height=\"467\" \/><\/a><\/p>\n<\/div>\n<\/div>\n<\/div>\n<\/div>\n<div class=\"html-div xdj266r x14z9mp xat24cr x1lziwak xexx8yu xyri2b x18d9i69 x1c1uobl x6s0dn4 x17zd0t2 x78zum5 x1q0g3np x1a02dak\"><strong><span class=\"html-span xexx8yu xyri2b x18d9i69 x1c1uobl x1hl2dhg x16tdsg8 x1vvkbs x3nfvp2 x1j61x8r x1fcty0u xdj266r xat24cr xm2jcoa x1mpyi22 xxymvpz xlup9mm x1kky2od\"><img loading=\"lazy\" decoding=\"async\" class=\"xz74otr x15mokao x1ga7v0g x16uus16 xbiv7yw\" src=\"https:\/\/static.xx.fbcdn.net\/images\/emoji.php\/v9\/t1f\/1\/16\/1f3b6.png\" alt=\"\ud83c\udfb6\" width=\"16\" height=\"16\" \/><\/span> La m\u00fasica n&#8217;asturianu y eonaviegu vuelve a ser protagonista cola nueva edici\u00f3n del <span style=\"color: #008080\">Premiu Camaret\u00e1 al Meyor Cantar<\/span>, que se va celebrar el vienres 7 de payares a les 19:00 hores nel Teatru Vital Aza de La Pola (L.lena).<\/strong><\/div>\n<\/div>\n<div class=\"html-div xdj266r x14z9mp xat24cr x1lziwak xexx8yu xyri2b x18d9i69 x1c1uobl\" dir=\"auto\">\n<div class=\"html-div xdj266r x14z9mp xat24cr x1lziwak xexx8yu xyri2b x18d9i69 x1c1uobl\" dir=\"auto\">\n<div class=\"html-div xdj266r x14z9mp xat24cr x1lziwak xexx8yu xyri2b x18d9i69 x1c1uobl\" data-ad-rendering-role=\"story_message\">\n<div class=\"x1l90r2v x1iorvi4 x1g0dm76 xpdmqnj\" data-ad-comet-preview=\"message\" data-ad-preview=\"message\">\n<div class=\"x78zum5 xdt5ytf xz62fqu x16ldp7u\">\n<div class=\"xu06os2 x1ok221b\">\n<div class=\"html-div xdj266r x14z9mp xat24cr x1lziwak xexx8yu xyri2b x18d9i69 x1c1uobl\">\n<div class=\"x14z9mp xat24cr x1lziwak x1vvkbs xtlvy1s x126k92a\">\n<div dir=\"auto\"><span class=\"html-span xexx8yu xyri2b x18d9i69 x1c1uobl x1hl2dhg x16tdsg8 x1vvkbs x3nfvp2 x1j61x8r x1fcty0u xdj266r xat24cr xm2jcoa x1mpyi22 xxymvpz xlup9mm x1kky2od\"><img loading=\"lazy\" decoding=\"async\" class=\"xz74otr x15mokao x1ga7v0g x16uus16 xbiv7yw\" src=\"https:\/\/static.xx.fbcdn.net\/images\/emoji.php\/v9\/tbe\/1\/16\/1f3c6.png\" alt=\"\ud83c\udfc6\" width=\"16\" height=\"16\" \/><\/span>Los finalistes d&#8217;esta edici\u00f3n son H\u00e9ctor Braga, Ferla Meg\u00eda, Herbamora y Libre, y el p\u00fablicu va poder disfrutar tami\u00e9n del conciertu de La Bonturn\u00e9, ganador del a\u00f1u pas\u00e1u col tema Odisea la nu\u00ed. <a href=\"https:\/\/www.asturiesculturaenrede.es\/premiucamaretaalmeyorcantar\"><strong>FINALISTES<\/strong><\/a>\/<\/div>\n<div dir=\"auto\"><!--more--><\/div>\n<\/div>\n<div class=\"x14z9mp xat24cr x1lziwak x1vvkbs xtlvy1s x126k92a\">\n<div dir=\"auto\"><span class=\"html-span xexx8yu xyri2b x18d9i69 x1c1uobl x1hl2dhg x16tdsg8 x1vvkbs x3nfvp2 x1j61x8r x1fcty0u xdj266r xat24cr xm2jcoa x1mpyi22 xxymvpz xlup9mm x1kky2od\"><img loading=\"lazy\" decoding=\"async\" class=\"xz74otr x15mokao x1ga7v0g x16uus16 xbiv7yw\" src=\"https:\/\/static.xx.fbcdn.net\/images\/emoji.php\/v9\/t3d\/1\/16\/1f3c5.png\" alt=\"\ud83c\udfc5\" width=\"16\" height=\"16\" \/><\/span>El premiu, ta dot\u00e1u con 6.000 euros y la participaci\u00f3n nel circuitu Autores nel Cam\u00edn, parte del programa Asturies, Cultura en Rede. La gala va emitise per RTPA y la entrada ye llibre hasta completar aforu.<\/div>\n<\/div>\n<div class=\"x14z9mp xat24cr x1lziwak x1vvkbs xtlvy1s x126k92a\">\n<div dir=\"auto\"><span class=\"html-span xexx8yu xyri2b x18d9i69 x1c1uobl x1hl2dhg x16tdsg8 x1vvkbs x3nfvp2 x1j61x8r x1fcty0u xdj266r xat24cr xm2jcoa x1mpyi22 xxymvpz xlup9mm x1kky2od\"><img loading=\"lazy\" decoding=\"async\" class=\"xz74otr x15mokao x1ga7v0g x16uus16 xbiv7yw\" src=\"https:\/\/static.xx.fbcdn.net\/images\/emoji.php\/v9\/t5f\/1\/16\/1f4f9.png\" alt=\"\ud83d\udcf9\" width=\"16\" height=\"16\" \/><\/span> Como preludiu a la mesma, <strong>present\u00f3se&#8217;l videoclip oficial d&#8217;Odisea la nu\u00ed,<\/strong> realiz\u00e1u por Javier Lueje, nun actu en Llaboral Ciud\u00e1 de la Cultura con participaci\u00f3n del director xeneral d&#8217;Acci\u00f3n Cultural, Ant\u00f3n Garc\u00eda, y miembros del grupu.<\/div>\n<div dir=\"auto\"><\/div>\n<div dir=\"auto\" style=\"text-align: center\">\n<!-- iframe plugin v.6.0 wordpress.org\/plugins\/iframe\/ -->\n<iframe loading=\"lazy\" width=\"100%\" height=\"487\" src=\"https:\/\/www.youtube.com\/embed\/P1v4vH06FT0\" title=\"LA BONTURN\u00c9 - Odisea la Nu\u00ed (Videoclip Oficial)\" frameborder=\"0\" allow=\"accelerometer; autoplay; clipboard-write; encrypted-media; gyroscope; picture-in-picture; web-share\" referrerpolicy=\"strict-origin-when-cross-origin\" 0=\"allowfullscreen\" 1=\"\/iframe\" scrolling=\"yes\" class=\"iframe-class\"><\/iframe>\n<\/div>\n<div dir=\"auto\"><\/div>\n<div dir=\"auto\" style=\"text-align: center\"><span style=\"color: #008080;font-size: 20px\"><strong>Eclipse total, d&#8217;Herbamora<\/strong><\/span><\/div>\n<div dir=\"auto\"><\/div>\n<\/div>\n<\/div>\n<\/div>\n<div dir=\"auto\" style=\"text-align: center\"><a href=\"https:\/\/www.asturiesculturaenrede.es\/premiucamaretaalmeyorcantar\/images\/Herbamora_cuadrado.png\"><img loading=\"lazy\" decoding=\"async\" class=\"aligncenter size-large\" src=\"https:\/\/www.asturiesculturaenrede.es\/premiucamaretaalmeyorcantar\/images\/Herbamora_cuadrado.png\" width=\"661\" height=\"600\" \/><\/a><\/div>\n<div class=\"xu06os2 x1ok221b\">\n<div class=\"html-div xdj266r x14z9mp xat24cr x1lziwak xexx8yu xyri2b x18d9i69 x1c1uobl\">\n<div dir=\"auto\"><\/div>\n<div dir=\"auto\"><strong>Herbamora<\/strong> ye\u2019l grupu que revolucion\u00f3 la pandereta asturiana. La formaci\u00f3n naci\u00f3 en 2003, cuando seis muyeres percusionistes y cantantes vinculaes a la cultura tradicional xuni\u00e9ronse con un oxetivu: dar un aire nuevu al mundu de la pandereta y sacara de los estereotipos nos que taba arrequexada. Asina ye como s\u2019estrenaron con \u00a1Sali, L.luna!; en 2013 espublizaron N\u2019Ac\u00fasticu y en 2024, el so tercer trabayu 286 Llunes demostraba por qu\u00e9 siguen siendo les revolucionaries de la pandereta, trayendo al presente lo que cantaban les g\u00fceles asturianes, destacando la importancia del amor propio, l\u2019empoderamientu femen\u00edn y el poder de la sororid\u00e1 nuna socied\u00e1 individualista y heteropatriarcal.<\/div>\n<div dir=\"auto\"><\/div>\n<div dir=\"auto\" style=\"text-align: center\">\n<!-- iframe plugin v.6.0 wordpress.org\/plugins\/iframe\/ -->\n<iframe loading=\"lazy\" width=\"100%\" height=\"487\" src=\"https:\/\/www.youtube.com\/embed\/UN4YDM7hu_o\" title=\"Eclipse total\" frameborder=\"0\" allow=\"accelerometer; autoplay; clipboard-write; encrypted-media; gyroscope; picture-in-picture; web-share\" referrerpolicy=\"strict-origin-when-cross-origin\" 0=\"allowfullscreen\" 1=\"\/iframe\" scrolling=\"yes\" class=\"iframe-class\"><\/iframe>\n<\/div>\n<div dir=\"auto\"><\/div>\n<div dir=\"auto\" style=\"text-align: center\"><span style=\"color: #008080;font-size: 20px\"><strong>L&#8217;ablugada, de L\u00efbre<\/strong><\/span><\/div>\n<div dir=\"auto\" style=\"text-align: center\"><a href=\"https:\/\/www.asturiesculturaenrede.es\/premiucamaretaalmeyorcantar\/images\/llibre_cuadrado.jpg\"><img loading=\"lazy\" decoding=\"async\" class=\"aligncenter \" src=\"https:\/\/www.asturiesculturaenrede.es\/premiucamaretaalmeyorcantar\/images\/llibre_cuadrado.jpg\" width=\"666\" height=\"653\" \/><\/a><\/div>\n<div dir=\"auto\"><\/div>\n<\/div>\n<\/div>\n<\/div>\n<\/div>\n<\/div>\n<\/div>\n<\/div>\n<p>L\u00cfBRE ye un proyectu musical que naz nel 2012. Empiecen tocando versiones ac\u00fastiques de rock y rematen nel discu Ciudadano Cero. Depu\u00e9s d&#8217;un par\u00f3n participen nel proyectu \u00abEl mio cantar\u00bb (2019), lo que sup\u00f3n un puntu d&#8217;inflex\u00f3n pal proyectu con un conceptu m\u00e1s aver\u00e1u al rock. Nel 2025 publique l&#8217;EP Ciudadano lunar, con seis cantares que van de la canci\u00f3n d&#8217;autor al pop alternativu, dos d&#8217;elles escrites n&#8217;asturianu, mostrando&#8217;l compromisu de la banda pa con una de les lling\u00fces propies d&#8217;Asturies. Angua\u00f1o, L\u00efbre ta integrada por Falu (voz), Carlos y \u00d3scar (guitarres), Michi (baxu) y David (bater\u00eda).<\/p>\n<p style=\"text-align: center\">\n<!-- iframe plugin v.6.0 wordpress.org\/plugins\/iframe\/ -->\n<iframe loading=\"lazy\" width=\"100%\" height=\"487\" src=\"https:\/\/www.youtube.com\/embed\/6Fzp8W_eWZQ\" title=\"L\u00cfBRE - L&#039;Ablugada (Lyric Video)\" frameborder=\"0\" allow=\"accelerometer; autoplay; clipboard-write; encrypted-media; gyroscope; picture-in-picture; web-share\" referrerpolicy=\"strict-origin-when-cross-origin\" 0=\"allowfullscreen\" 1=\"\/iframe\" scrolling=\"yes\" class=\"iframe-class\"><\/iframe>\n<\/p>\n<p>&nbsp;<\/p>\n<p style=\"text-align: center\"><span style=\"font-size: 20px;color: #008080\"><strong>Xatu, de Ferla Meg\u00eda<\/strong><\/span><\/p>\n<p style=\"text-align: center\"><a href=\"https:\/\/www.asturiesculturaenrede.es\/premiucamaretaalmeyorcantar\/images\/ferla_cuadrado.jpg\"><img loading=\"lazy\" decoding=\"async\" class=\"aligncenter \" src=\"https:\/\/www.asturiesculturaenrede.es\/premiucamaretaalmeyorcantar\/images\/ferla_cuadrado.jpg\" width=\"624\" height=\"634\" \/><\/a><\/p>\n<p>Ferla Meg\u00eda ye m\u00fasica tradicional, urbana y electr\u00f3nica. Crea atm\u00f3sferes con una varied\u00e1 mui amplia de samples y inspiraciones y la so capacid\u00e1 innata pa la melod\u00eda vese rematada con una puesta n\u2019escena onde xuega con bases qu\u2019aporten capes y que se sumen al panderu y la flauta, encargaos de tener pelos cantares. Tr\u00e1tase d\u2019una figura que vive la m\u00fasica ensin limitaciones y, claramente, una de les m\u00e1s inquietes de la escena asturiana, trabayando sobre un parag\u00fces d\u2019abondes varielles y que bebe tanto de los \u00faltimos son\u00edos urbanos como de la m\u00fasica tradicional de so tierra.<\/p>\n<p style=\"text-align: center\">\n<!-- iframe plugin v.6.0 wordpress.org\/plugins\/iframe\/ -->\n<iframe loading=\"lazy\" width=\"100%\" height=\"487\" src=\"https:\/\/www.youtube.com\/embed\/sn-CHHBs9QQ\" title=\"Xatu\" frameborder=\"0\" allow=\"accelerometer; autoplay; clipboard-write; encrypted-media; gyroscope; picture-in-picture; web-share\" referrerpolicy=\"strict-origin-when-cross-origin\" 0=\"allowfullscreen\" 1=\"\/iframe\" scrolling=\"yes\" class=\"iframe-class\"><\/iframe>\n<\/p>\n<p style=\"text-align: center\"><span style=\"color: #008080;font-size: 20px\"><strong>Valiente, d&#8217;H\u00e9ctor Braga<\/strong><\/span><\/p>\n<p style=\"text-align: center\"><a href=\"https:\/\/www.asturiesculturaenrede.es\/premiucamaretaalmeyorcantar\/images\/hector_cuadrado.jpg\"><img loading=\"lazy\" decoding=\"async\" class=\"aligncenter \" src=\"https:\/\/www.asturiesculturaenrede.es\/premiucamaretaalmeyorcantar\/images\/hector_cuadrado.jpg\" width=\"595\" height=\"597\" \/><\/a><\/p>\n<p>H\u00e9ctor Braga ye un artista y productor multidisciplinar dedic\u00e1u a les m\u00fasiques cl\u00e1siques y de folk. Con siete discos asoleyaos hasta la fecha, pue dicise que ye \u00fan de los referentes m\u00e1s afianzaos na m\u00fasica del pa\u00eds con abondes reconocencies y premios. H\u00e9ctor ye una referencia nel estudiu y conocencia de la m\u00fasica asturiana porque tien una trayectoria granible qu\u2019axunta\u2019l trabayu de campu y la investigaci\u00f3n con dos carreres superiores (m\u00fasica y etnomusicolox\u00eda), un m\u00e1ster en comunicaci\u00f3n, un t\u00edtulu profesional de gaita y un doctor\u00e1u cum laude n\u2019Historia del Arte y Musicolox\u00eda.<\/p>\n<p style=\"text-align: center\">\n<!-- iframe plugin v.6.0 wordpress.org\/plugins\/iframe\/ -->\n<iframe loading=\"lazy\" width=\"100%\" height=\"487\" src=\"https:\/\/www.youtube.com\/embed\/KMRFp8nRVnM\" title=\"H\u00e9ctor Braga - Valiente (ft. V\u00edctor Manuel)\" frameborder=\"0\" allow=\"accelerometer; autoplay; clipboard-write; encrypted-media; gyroscope; picture-in-picture; web-share\" referrerpolicy=\"strict-origin-when-cross-origin\" 0=\"allowfullscreen\" 1=\"\/iframe\" scrolling=\"yes\" class=\"iframe-class\"><\/iframe>\n<\/p>\n<p>&nbsp;<\/p>\n","protected":false},"excerpt":{"rendered":"<p>Conseyer\u00eda de Cultura, Pol\u00edtica Lling\u00fc\u00edstica y Deporte La m\u00fasica n&#8217;asturianu y eonaviegu vuelve a ser protagonista cola nueva edici\u00f3n del Premiu Camaret\u00e1 al Meyor Cantar, que se va celebrar el vienres 7 de payares a les 19:00 hores nel Teatru Vital Aza de La Pola (L.lena). Los finalistes d&#8217;esta edici\u00f3n son H\u00e9ctor Braga, Ferla Meg\u00eda, [&hellip;]<\/p>\n","protected":false},"author":117,"featured_media":0,"comment_status":"closed","ping_status":"open","sticky":false,"template":"","format":"standard","meta":{"footnotes":""},"categories":[35,125,58],"tags":[],"class_list":["post-60823","post","type-post","status-publish","format-standard","hentry","category-musica","category-musicasturiana-com","category-premios"],"_links":{"self":[{"href":"https:\/\/edublog.educastur.es\/ixuxu\/wp-json\/wp\/v2\/posts\/60823","targetHints":{"allow":["GET"]}}],"collection":[{"href":"https:\/\/edublog.educastur.es\/ixuxu\/wp-json\/wp\/v2\/posts"}],"about":[{"href":"https:\/\/edublog.educastur.es\/ixuxu\/wp-json\/wp\/v2\/types\/post"}],"author":[{"embeddable":true,"href":"https:\/\/edublog.educastur.es\/ixuxu\/wp-json\/wp\/v2\/users\/117"}],"replies":[{"embeddable":true,"href":"https:\/\/edublog.educastur.es\/ixuxu\/wp-json\/wp\/v2\/comments?post=60823"}],"version-history":[{"count":5,"href":"https:\/\/edublog.educastur.es\/ixuxu\/wp-json\/wp\/v2\/posts\/60823\/revisions"}],"predecessor-version":[{"id":60831,"href":"https:\/\/edublog.educastur.es\/ixuxu\/wp-json\/wp\/v2\/posts\/60823\/revisions\/60831"}],"wp:attachment":[{"href":"https:\/\/edublog.educastur.es\/ixuxu\/wp-json\/wp\/v2\/media?parent=60823"}],"wp:term":[{"taxonomy":"category","embeddable":true,"href":"https:\/\/edublog.educastur.es\/ixuxu\/wp-json\/wp\/v2\/categories?post=60823"},{"taxonomy":"post_tag","embeddable":true,"href":"https:\/\/edublog.educastur.es\/ixuxu\/wp-json\/wp\/v2\/tags?post=60823"}],"curies":[{"name":"wp","href":"https:\/\/api.w.org\/{rel}","templated":true}]}}