{"id":60833,"date":"2025-10-31T13:14:47","date_gmt":"2025-10-31T11:14:47","guid":{"rendered":"https:\/\/edublog.educastur.es\/ixuxu\/?p=60833"},"modified":"2025-10-31T13:32:51","modified_gmt":"2025-10-31T11:32:51","slug":"numberu-133-de-lletres-asturianes-alla","status":"publish","type":"post","link":"https:\/\/edublog.educastur.es\/ixuxu\/2025\/10\/numberu-133-de-lletres-asturianes-alla\/","title":{"rendered":"N\u00famberu 133 de Lletres Asturianes (ALLA)"},"content":{"rendered":"<p style=\"text-align: center\"><a href=\"https:\/\/lletresasturianes.alladixital.org\/diseniu\/cab.png\"><img loading=\"lazy\" decoding=\"async\" class=\"aligncenter size-large\" src=\"https:\/\/lletresasturianes.alladixital.org\/diseniu\/cab.png\" width=\"762\" height=\"151\" \/><\/a><\/p>\n<p><em data-olk-copy-source=\"MessageBody\">Lletres Asturianes<\/em>\u00a0asoleya, dende 1982, trabayos cient\u00edficos orixinales centraos na llingua y la lliteratura asturianes, entend\u00edes nun sen ampliu<br \/>\ny na so rellaci\u00f3n col \u00e1mbitu hisp\u00e1nicu y rom\u00e1nicu. <em data-olk-copy-source=\"MessageBody\">Lletres Asturianes<\/em>\u00a0espubl\u00edzase semestralmente (marzu y ochobre) \u00a0y pue lleese en REUNIDO, la plataforma\u00a0de revistes cient\u00edfiques de la Universid\u00e1 d&#8217;Uvi\u00e9u,\u00a0y na p\u00e1xina\u00a0<em>web\u00a0<\/em>de l&#8217;Academia de la Llingua Asturiana (ALLA). <a href=\"https:\/\/lletresasturianes.alladixital.org\/pdf\/1761899416LLAA133-Ochobre%202025%20(reduc%C3%ADu).pdf\"><strong>Revista en PDF<\/strong><\/a><\/p>\n<p><!--more--><\/p>\n<ul>\n<li><strong>Elena E. Rodr\u00edguez D\u00edaz<\/strong><br \/>\n<a href=\"https:\/\/lletresasturianes.alladixital.org\/index.php?px=articulu&amp;cod=890\">El Fuero Juzgo de la Biblioteca Estatal de Baviera: cuestiones de dataci\u00f3n y localizaci\u00f3n<\/a><\/li>\n<li class=\"par\"><strong>Julio Villa-Garc\u00eda<\/strong><br \/>\n<a href=\"https:\/\/lletresasturianes.alladixital.org\/index.php?px=articulu&amp;cod=891\">El asturiano y el ingl\u00e9s en contraste: sobre los temas suspendidos<\/a><\/li>\n<li><strong>Roberto Avello-Rodr\u00edguez &amp; Alberto Fern\u00e1ndez-Costales<\/strong><br \/>\n<a href=\"https:\/\/lletresasturianes.alladixital.org\/index.php?px=articulu&amp;cod=892\">Evoluci\u00f3n de la investigaci\u00f3n sobre les actit\u00faes lling\u00fc\u00edstiques n\u2019Asturies: una revisi\u00f3n sistem\u00e1tica<\/a><\/li>\n<li class=\"par\"><strong>Carmen Mu\u00f1iz Cach\u00f3n<\/strong><br \/>\n<a href=\"https:\/\/lletresasturianes.alladixital.org\/index.php?px=articulu&amp;cod=893\">Tornar a Queneau: otru exerciciu d\u2019estilu. Llendes de la traducci\u00f3n<\/a><\/li>\n<li><strong>Ant\u00f3n Caama\u00f1o Vega<\/strong><br \/>\n<a href=\"https:\/\/lletresasturianes.alladixital.org\/index.php?px=articulu&amp;cod=894\">Una g\u00fceyada a la traducci\u00f3n al asturianu de testos dram\u00e1ticos<\/a><\/li>\n<li class=\"par\"><strong>Noelia L\u00f3pez Rodr\u00edguez &amp; Gonzalo Llamedo-Pandiella<\/strong><br \/>\n<a href=\"https:\/\/lletresasturianes.alladixital.org\/index.php?px=articulu&amp;cod=895\">Averamientu a la contribuci\u00f3n narrativa de les muyeres en Lliteratura: Revista Lliteraria Asturiana<\/a><\/li>\n<li><strong>Lourdes \u00c1lvarez Garc\u00eda<\/strong><br \/>\n<a href=\"https:\/\/lletresasturianes.alladixital.org\/index.php?px=articulu&amp;cod=896\">Cantares d\u2019amor y guerra: un averamientu mayor a la figura de Gaspar Garc\u00eda Llaviana y la so obra po\u00e9tica y social dende la traducci\u00f3n al asturianu<\/a><\/li>\n<li><a href=\"https:\/\/lletresasturianes.alladixital.org\/pdf\/1761899162LLAA133-Ochobre%202025-Rese%C3%B1es%20Bibliogr%C3%A1fiques.pdf\">Rese\u00f1es bibliogr\u00e1fiques<\/a><\/li>\n<li><a href=\"https:\/\/lletresasturianes.alladixital.org\/pdf\/1761899178LLAA133-Ochobre%202025-Notes%20y%20anuncies.pdf\">Notes y anuncies<\/a><\/li>\n<\/ul>\n","protected":false},"excerpt":{"rendered":"<p>Lletres Asturianes\u00a0asoleya, dende 1982, trabayos cient\u00edficos orixinales centraos na llingua y la lliteratura asturianes, entend\u00edes nun sen ampliu y na so rellaci\u00f3n col \u00e1mbitu hisp\u00e1nicu y rom\u00e1nicu. Lletres Asturianes\u00a0espubl\u00edzase semestralmente (marzu y ochobre) \u00a0y pue lleese en REUNIDO, la plataforma\u00a0de revistes cient\u00edfiques de la Universid\u00e1 d&#8217;Uvi\u00e9u,\u00a0y na p\u00e1xina\u00a0web\u00a0de l&#8217;Academia de la Llingua Asturiana (ALLA). Revista [&hellip;]<\/p>\n","protected":false},"author":117,"featured_media":0,"comment_status":"closed","ping_status":"open","sticky":false,"template":"","format":"standard","meta":{"footnotes":""},"categories":[65,485,49],"tags":[],"class_list":["post-60833","post","type-post","status-publish","format-standard","hentry","category-alla","category-lletres-asturianes","category-revistes"],"_links":{"self":[{"href":"https:\/\/edublog.educastur.es\/ixuxu\/wp-json\/wp\/v2\/posts\/60833","targetHints":{"allow":["GET"]}}],"collection":[{"href":"https:\/\/edublog.educastur.es\/ixuxu\/wp-json\/wp\/v2\/posts"}],"about":[{"href":"https:\/\/edublog.educastur.es\/ixuxu\/wp-json\/wp\/v2\/types\/post"}],"author":[{"embeddable":true,"href":"https:\/\/edublog.educastur.es\/ixuxu\/wp-json\/wp\/v2\/users\/117"}],"replies":[{"embeddable":true,"href":"https:\/\/edublog.educastur.es\/ixuxu\/wp-json\/wp\/v2\/comments?post=60833"}],"version-history":[{"count":2,"href":"https:\/\/edublog.educastur.es\/ixuxu\/wp-json\/wp\/v2\/posts\/60833\/revisions"}],"predecessor-version":[{"id":60836,"href":"https:\/\/edublog.educastur.es\/ixuxu\/wp-json\/wp\/v2\/posts\/60833\/revisions\/60836"}],"wp:attachment":[{"href":"https:\/\/edublog.educastur.es\/ixuxu\/wp-json\/wp\/v2\/media?parent=60833"}],"wp:term":[{"taxonomy":"category","embeddable":true,"href":"https:\/\/edublog.educastur.es\/ixuxu\/wp-json\/wp\/v2\/categories?post=60833"},{"taxonomy":"post_tag","embeddable":true,"href":"https:\/\/edublog.educastur.es\/ixuxu\/wp-json\/wp\/v2\/tags?post=60833"}],"curies":[{"name":"wp","href":"https:\/\/api.w.org\/{rel}","templated":true}]}}