{"id":60853,"date":"2025-11-01T13:07:02","date_gmt":"2025-11-01T11:07:02","guid":{"rendered":"https:\/\/edublog.educastur.es\/ixuxu\/?p=60853"},"modified":"2025-11-01T13:08:19","modified_gmt":"2025-11-01T11:08:19","slug":"plan-de-vialida-ivernizu-para-garantizar-la-segurida-nes-carreteres","status":"publish","type":"post","link":"https:\/\/edublog.educastur.es\/ixuxu\/2025\/11\/plan-de-vialida-ivernizu-para-garantizar-la-segurida-nes-carreteres\/","title":{"rendered":"Plan de vialid\u00e1 ivernizu para garantizar la segurid\u00e1 nes carreteres"},"content":{"rendered":"<p><strong>Movilid\u00e1 activa&#8217;l plan de vialid\u00e1 ivernizu para garantizar la segurid\u00e1 nes carreteres<\/strong> mientres los episodios de meteorolox\u00eda adversa. La conseyer\u00eda incorpor\u00f3 sistemes dixitales d&#8217;informaci\u00f3n y control nos cinco puertos de monte con riesgu d&#8217;\u00e1denes: Tarna, San Isidro, Somiedu, Ventana y l&#8217;accesu a Sotres. El dispositivu global, <strong>vixente hasta&#8217;l 30 d&#8217;abril<\/strong>, moviliza a 115 persones, 35 quitanieves y ocho fresadores, ente otros medios. <a href=\"https:\/\/actualidad.asturias.es\/-\/movilidad-activa-el-plan-de-vialidad-invernal-para-garantizar-la-seguridad-en-las-carreteras-durante-los-episodios-de-meteorolog\u00eda-adversa?redirect=%2Finicio\">Actuali\u00e1<\/a><\/p>\n<p style=\"text-align: center\"><a href=\"https:\/\/actualidad.asturias.es\/documents\/537115\/2897941\/1.jpg\/57bb38ad-04a8-85bc-0949-acec74be64bf?t=1761954003127\"><img loading=\"lazy\" decoding=\"async\" class=\"aligncenter size-large\" src=\"https:\/\/actualidad.asturias.es\/documents\/537115\/2897941\/1.jpg\/57bb38ad-04a8-85bc-0949-acec74be64bf?t=1761954003127\" width=\"1854\" height=\"1266\" \/><\/a><\/p>\n<p><!--more--><\/p>\n<p>Al respective de los medios t\u00e9cnicos,<strong> el plan cunta con una flota de 35 quitanieves, ocho fresadores y otros equipos especializaos, como un touterr\u00e9n forn\u00edu con cu\u00f1a, pala cargadora con fresa, furgones y furgonetes de sofitu, un cami\u00f3n-gr\u00faa y otra g\u00f3ndola.<\/strong> Estos recursos t\u00e1n distribuy\u00edos en nueve zones per tol territoriu, anque con priorid\u00e1 para les \u00e1rees de mayor altit\u00fa y riesgu. La rede auton\u00f3mica suma 374 kil\u00f3metros de v\u00edes allugaes a altit\u00faes cimeres a los 800 metros, de los cualos 175 as\u00edtiense percima de los mil.<\/p>\n<p>El dispositivu cunta, am\u00e1s, con <strong>15 silos d&#8217;almacenamientu de sal<\/strong>, distribuy\u00edos estrat\u00e9gicamente, con capacid\u00e1 para 1.130 tonelaes.<\/p>\n<p>Per otra parte, la rede d&#8217;estaciones meteorol\u00f3xiques facilita&#8217;l siguimientu de les condiciones atmosf\u00e9riques en tiempu real, lo que favorez una r\u00e1pida reacci\u00f3n \u00e9nte cambeos s\u00f3pitos de les condiciones ambientales.<\/p>\n<p>\u2022 Protocolu d&#8217;actuaci\u00f3n<\/p>\n<p>El protocolu d&#8217;actuaci\u00f3n \u00e9nte situaciones de riesgu y emerxencies meteorol\u00f3xiques establez cuatro escenarios que definen la intensid\u00e1 de la respuesta: peligru baxu (nivel 1), peligru moder\u00e1u (nivel 2), peligru altu (nivel 3) y peligru bien alto (nivel 4).<\/p>\n<p>Empresta especial atenci\u00f3n a les v\u00edes con alta probabilid\u00e1 d&#8217;\u00e1denes, como l&#8217;accesu a Sotres (AS-264) y los puertos de Tarna (AS-117), San Isidro (AS-112), Ventana (AS-227) y Somiedu (AS-228).<\/p>\n<p><strong>Les mid\u00edes cord\u00ednense en funci\u00f3n del nivel de peligru d&#8217;\u00e1denes<\/strong>, pa lo que se tomen en considerancia les alertes de l&#8217;Axencia Estatal de Meteorolox\u00eda y los avisos de niv\u00f3logos y observadores de campu. Cuando s&#8217;afiten niveles de peligru altu y bien alto, la Direcci\u00f3n Xeneral d&#8217;Infraestructures va dar avisu al 112 y va proponer el zarru de les v\u00edes afectaes a la Central Operativa de Tr\u00e1ficu (COTA), que va ser l&#8217;\u00f3rganu que tome la decisi\u00f3n definitiva.<\/p>\n<p>La Conseyer\u00eda de Movilid\u00e1, Mediu Ambiente y Xesti\u00f3n d&#8217;Emerxencies<strong> recuerda a la ciudadan\u00eda la importancia de siguir los encamientos de les autoridaes \u00e9nte les situaciones meteorol\u00f3xiques adverses.<\/strong><\/p>\n","protected":false},"excerpt":{"rendered":"<p>Movilid\u00e1 activa&#8217;l plan de vialid\u00e1 ivernizu para garantizar la segurid\u00e1 nes carreteres mientres los episodios de meteorolox\u00eda adversa. La conseyer\u00eda incorpor\u00f3 sistemes dixitales d&#8217;informaci\u00f3n y control nos cinco puertos de monte con riesgu d&#8217;\u00e1denes: Tarna, San Isidro, Somiedu, Ventana y l&#8217;accesu a Sotres. El dispositivu global, vixente hasta&#8217;l 30 d&#8217;abril, moviliza a 115 persones, 35 [&hellip;]<\/p>\n","protected":false},"author":117,"featured_media":0,"comment_status":"closed","ping_status":"open","sticky":false,"template":"","format":"standard","meta":{"footnotes":""},"categories":[232],"tags":[],"class_list":["post-60853","post","type-post","status-publish","format-standard","hentry","category-tresportes"],"_links":{"self":[{"href":"https:\/\/edublog.educastur.es\/ixuxu\/wp-json\/wp\/v2\/posts\/60853","targetHints":{"allow":["GET"]}}],"collection":[{"href":"https:\/\/edublog.educastur.es\/ixuxu\/wp-json\/wp\/v2\/posts"}],"about":[{"href":"https:\/\/edublog.educastur.es\/ixuxu\/wp-json\/wp\/v2\/types\/post"}],"author":[{"embeddable":true,"href":"https:\/\/edublog.educastur.es\/ixuxu\/wp-json\/wp\/v2\/users\/117"}],"replies":[{"embeddable":true,"href":"https:\/\/edublog.educastur.es\/ixuxu\/wp-json\/wp\/v2\/comments?post=60853"}],"version-history":[{"count":1,"href":"https:\/\/edublog.educastur.es\/ixuxu\/wp-json\/wp\/v2\/posts\/60853\/revisions"}],"predecessor-version":[{"id":60854,"href":"https:\/\/edublog.educastur.es\/ixuxu\/wp-json\/wp\/v2\/posts\/60853\/revisions\/60854"}],"wp:attachment":[{"href":"https:\/\/edublog.educastur.es\/ixuxu\/wp-json\/wp\/v2\/media?parent=60853"}],"wp:term":[{"taxonomy":"category","embeddable":true,"href":"https:\/\/edublog.educastur.es\/ixuxu\/wp-json\/wp\/v2\/categories?post=60853"},{"taxonomy":"post_tag","embeddable":true,"href":"https:\/\/edublog.educastur.es\/ixuxu\/wp-json\/wp\/v2\/tags?post=60853"}],"curies":[{"name":"wp","href":"https:\/\/api.w.org\/{rel}","templated":true}]}}