{"id":60855,"date":"2025-11-01T13:10:22","date_gmt":"2025-11-01T11:10:22","guid":{"rendered":"https:\/\/edublog.educastur.es\/ixuxu\/?p=60855"},"modified":"2025-11-01T13:10:22","modified_gmt":"2025-11-01T11:10:22","slug":"el-teatru-vital-aza-acueyel-7-de-payares-la-gala-final-del-xvii-premiu-camareta-al-meyor-cantar","status":"publish","type":"post","link":"https:\/\/edublog.educastur.es\/ixuxu\/2025\/11\/el-teatru-vital-aza-acueyel-7-de-payares-la-gala-final-del-xvii-premiu-camareta-al-meyor-cantar\/","title":{"rendered":"El Teatru Vital Aza acueye\u2019l 7 de payares la gala final del XVII Premiu Camaret\u00e1 al Meyor Cantar"},"content":{"rendered":"<div class=\"description\">\n<p>El Teatru Vital Aza acueye\u2019l 7 de payares la gala final del XVII Premiu Camaret\u00e1 al Meyor Cantar.\u00a0<b>Los grupos y m\u00fasicos finalistes son H\u00e9ctor Braga, Ferla Meg\u00eda, Herbamora y L\u00efbre.\u00a0<\/b><b>Cultura presenta\u2019l videoclip d\u2019<i>Odisea la nu\u00ed<\/i>, tema col que La Bonturn\u00e9 llogr\u00f3\u2019l XVI Premiu Camaret\u00e1.<\/b><\/p>\n<p style=\"text-align: center\"><a href=\"https:\/\/actualidad.asturias.es\/documents\/537115\/2894908\/2025_10_30+Cartel+Final+XVII+Premiu+Camareta+al+Meyor+Cantar.jpg\/ec015d6f-c22b-61d6-a154-a9d0472bfa89?t=1761828834286\"><img loading=\"lazy\" decoding=\"async\" class=\"aligncenter \" src=\"https:\/\/actualidad.asturias.es\/documents\/537115\/2894908\/2025_10_30+Cartel+Final+XVII+Premiu+Camareta+al+Meyor+Cantar.jpg\/ec015d6f-c22b-61d6-a154-a9d0472bfa89?t=1761828834286\" width=\"603\" height=\"852\" \/><\/a><\/p>\n<p>&nbsp;<\/p>\n<p><!--more--><\/p>\n<p>El certame, dot\u00e1u con 6.000 euros, va reconocer un a\u00f1u m\u00e1s la creaci\u00f3n musical n\u2019asturianu y eonaviegu, y nesta edici\u00f3n cuenta con H\u00e9ctor Braga, Ferla Meg\u00eda, Herbamora y L\u00efbre como finalistes. Na gala, retresmitida per RTPA y con entrada llibre hasta completar aforu, va dase a conocer el fallu del xur\u00e1u, y el p\u00fablicu va poder disfrutar am\u00e1s del conciertu de La Bonturn\u00e9, el grupu ganador de la pasada edici\u00f3n col tema\u00a0<i>Odisea la nu\u00ed<\/i>.<\/p>\n<p>El xur\u00e1u del XVII Premiu Camaret\u00e1 encarg\u00e1u de seleccionar les candidatures finalistes ta integr\u00e1u pola cantante Alicia \u00c1lvarez, el periodista Xicu Ariza, la t\u00e9cnica de normalizaci\u00f3n lling\u00fc\u00edstica Pen\u00e9lope Miranda, la fil\u00f3loga y gaitera Andrea Joglar y la profesora Emma Posada.<\/p>\n<p>Cultura convoca esti gallard\u00f3n col oxetivu de consolidar, prestixar y arriquecer la creaci\u00f3n musical n\u2019asturianu y eonaviegu. Am\u00e1s, la propuesta ganadora va formar parte del circuitu\u00a0<i>Autores nel Cam\u00edn<\/i>, que promueve actuaciones en distintos conceyos dientro del programa\u00a0<i>Asturies, Cultura en Rede.<\/i><\/p>\n<p>Los cuatro temes finalistes d\u2019esta edici\u00f3n son:<\/p>\n<ul>\n<li class=\"Tabulaciones1\"><b>H\u00e9ctor Braga<\/b>, con\u00a0<i>Valiente<\/i>. Referente consolid\u00e1u de la m\u00fasica asturiana, con siete discos publicaos y numberosos reconocimientos poles sos creaciones musicales y ensay\u00edstiques.<\/li>\n<li class=\"Tabulaciones1\"><b>Ferla Meg\u00eda<\/b>, con\u00a0<i>Xatu<\/i>. Creador d\u2019atm\u00f3sferes y una de les voces m\u00e1s inquietes de la escena actual, fusiona son\u00edos urbanos y tradicionales. El cantar forma parte del so EP\u00a0<i>P\u00e1xaros 01<\/i>.<\/li>\n<li class=\"Tabulaciones1\"><b>Herbamora<\/b>, con\u00a0<i>Eclipse total<\/i>. Grupu de cinco pandereteres y cantantes qu\u2019actualicen la tradici\u00f3n de la pandereta. Ganadores del premiu en 2007, presenten el so tema dientro del \u00e1lbum\u00a0<i>286 Llunes<\/i>.<\/li>\n<li class=\"Tabulaciones1\"><b>L\u00efbre<\/b>, con\u00a0<i>L\u2019ablugada<\/i>. Formaci\u00f3n reciente con miembros de Mala Reputaci\u00f3n, Misiva, Origen y Desakato. Nel so EP\u00a0<i>Ciudadano Lunar<\/i>\u00a0esploren del pop alternativu al rock d\u2019autor.<\/li>\n<\/ul>\n<p style=\"text-align: center\"><a href=\"https:\/\/actualidad.asturias.es\/documents\/537115\/2894908\/2025_10_30+Presentacion+videoclip+Premiu+Camareta.JPG\/9fadd7db-344e-10e7-9843-61d135f1a136?t=1761828834191\"><img loading=\"lazy\" decoding=\"async\" class=\"aligncenter size-large\" src=\"https:\/\/actualidad.asturias.es\/documents\/537115\/2894908\/2025_10_30+Presentacion+videoclip+Premiu+Camareta.JPG\/9fadd7db-344e-10e7-9843-61d135f1a136?t=1761828834191\" width=\"2040\" height=\"1530\" \/><\/a><\/p>\n<p class=\"Subttulo1\"><strong>Presentaci\u00f3n del videoclip de La Bonturn\u00e9<\/strong><\/p>\n<p>Como preludiu a la gala, esta ma\u00f1ana present\u00f3se\u2019l videoclip del tema\u00a0<i>Odisea la nu\u00ed<\/i>, del grupu La Bonturn\u00e9. El film musical foi realiz\u00e1u por Javier Lueje y dau a conocer nun actu en Llaboral Ciud\u00e1 de la Cultura nel que particip\u00f3 Ant\u00f3n Garc\u00eda, director xeneral d\u2019Acci\u00f3n Cultural y Normalizaci\u00f3n Lling\u00fc\u00edstica; el propiu Lueje, como director y realizador del videoclip; y miembros del grupu.<\/p>\n<\/div>\n<p>&nbsp;<\/p>\n<div class=\"contenido-article documentacion\"><\/div>\n","protected":false},"excerpt":{"rendered":"<p>El Teatru Vital Aza acueye\u2019l 7 de payares la gala final del XVII Premiu Camaret\u00e1 al Meyor Cantar.\u00a0Los grupos y m\u00fasicos finalistes son H\u00e9ctor Braga, Ferla Meg\u00eda, Herbamora y L\u00efbre.\u00a0Cultura presenta\u2019l videoclip d\u2019Odisea la nu\u00ed, tema col que La Bonturn\u00e9 llogr\u00f3\u2019l XVI Premiu Camaret\u00e1. &nbsp;<\/p>\n","protected":false},"author":117,"featured_media":0,"comment_status":"closed","ping_status":"open","sticky":false,"template":"","format":"standard","meta":{"footnotes":""},"categories":[35],"tags":[],"class_list":["post-60855","post","type-post","status-publish","format-standard","hentry","category-musica"],"_links":{"self":[{"href":"https:\/\/edublog.educastur.es\/ixuxu\/wp-json\/wp\/v2\/posts\/60855","targetHints":{"allow":["GET"]}}],"collection":[{"href":"https:\/\/edublog.educastur.es\/ixuxu\/wp-json\/wp\/v2\/posts"}],"about":[{"href":"https:\/\/edublog.educastur.es\/ixuxu\/wp-json\/wp\/v2\/types\/post"}],"author":[{"embeddable":true,"href":"https:\/\/edublog.educastur.es\/ixuxu\/wp-json\/wp\/v2\/users\/117"}],"replies":[{"embeddable":true,"href":"https:\/\/edublog.educastur.es\/ixuxu\/wp-json\/wp\/v2\/comments?post=60855"}],"version-history":[{"count":1,"href":"https:\/\/edublog.educastur.es\/ixuxu\/wp-json\/wp\/v2\/posts\/60855\/revisions"}],"predecessor-version":[{"id":60856,"href":"https:\/\/edublog.educastur.es\/ixuxu\/wp-json\/wp\/v2\/posts\/60855\/revisions\/60856"}],"wp:attachment":[{"href":"https:\/\/edublog.educastur.es\/ixuxu\/wp-json\/wp\/v2\/media?parent=60855"}],"wp:term":[{"taxonomy":"category","embeddable":true,"href":"https:\/\/edublog.educastur.es\/ixuxu\/wp-json\/wp\/v2\/categories?post=60855"},{"taxonomy":"post_tag","embeddable":true,"href":"https:\/\/edublog.educastur.es\/ixuxu\/wp-json\/wp\/v2\/tags?post=60855"}],"curies":[{"name":"wp","href":"https:\/\/api.w.org\/{rel}","templated":true}]}}