{"id":60857,"date":"2025-11-01T13:12:50","date_gmt":"2025-11-01T11:12:50","guid":{"rendered":"https:\/\/edublog.educastur.es\/ixuxu\/?p=60857"},"modified":"2025-11-01T13:17:10","modified_gmt":"2025-11-01T11:17:10","slug":"les-arriondes-acueyel-domingu-la-iv-edicion-del-concursu-y-preba-de-sidre-casero-de-parres","status":"publish","type":"post","link":"https:\/\/edublog.educastur.es\/ixuxu\/2025\/11\/les-arriondes-acueyel-domingu-la-iv-edicion-del-concursu-y-preba-de-sidre-casero-de-parres\/","title":{"rendered":"Les Arriondes acueye\u2019l domingu la IV edici\u00f3n del Concursu y Preba de Sidre Casero de Parres"},"content":{"rendered":"<p style=\"text-align: center\"><a href=\"https:\/\/www.lasidra.net\/wp-content\/uploads\/2025\/11\/IV-Sidre-Casero-de-Parres-r-1200x630.jpg\"><img loading=\"lazy\" decoding=\"async\" class=\"aligncenter size-large\" src=\"https:\/\/www.lasidra.net\/wp-content\/uploads\/2025\/11\/IV-Sidre-Casero-de-Parres-r-1200x630.jpg\" width=\"1200\" height=\"630\" \/><\/a><\/p>\n<p class=\"entry-title\">\n<p data-start=\"300\" data-end=\"733\">LASIDRA.- El\u00a0<strong data-start=\"330\" data-end=\"379\">IV Concursu y Preba de Sidra Casera de Parres<\/strong>\u00a0va ceLlebrase esti\u00a0<strong data-start=\"398\" data-end=\"430\">domingu 2 de payares de 2025<\/strong>\u00a0na\u00a0<strong data-start=\"434\" data-end=\"470\">plaza Venancio Pando de Les Arriondes<\/strong>, dientru\u2019l marcu del\u00a0<strong data-start=\"494\" data-end=\"550\">XXXIV Certame de la Casta\u00f1a y Productos de la G\u00fcerta<\/strong>. La convocatoria ta entamada pola\u00a0<strong data-start=\"587\" data-end=\"616\">Andecha Sidrera de Parres<\/strong>, que sigue trabayando pola promoci\u00f3n de la sidre casero y el reconocimientu de los llagares artesanos del conceyu. V<strong>a cuntar cola participaci\u00f3n invitada del conceyu Ribeseya.<\/strong><\/p>\n<p data-start=\"300\" data-end=\"733\"><!--more--><\/p>\n<p data-start=\"735\" data-end=\"1154\">Nesta cuarta edici\u00f3n van presentase\u00a0<strong data-start=\"771\" data-end=\"792\">28 palos de sidre<\/strong>\u00a0pertenecientes a\u00a0<strong data-start=\"810\" data-end=\"835\">25 llagares de Parres<\/strong>, am\u00e1s de\u00a0<strong data-start=\"845\" data-end=\"887\">nueve palos procedentes de Ribeseya<\/strong>, que van formar parte de la modalid\u00e1 popular de la preba, sumando asina\u00a0<strong data-start=\"960\" data-end=\"980\">37 llagares\u00a0<\/strong>en total. La cita escomenzar\u00e1 alredior del meud\u00edi, cola preba p\u00fablica y l\u2019animaci\u00f3n musical de los grupos de gaites\u00a0<strong data-start=\"1096\" data-end=\"1109\">El Gumial<\/strong>,\u00a0<strong data-start=\"1111\" data-end=\"1127\">DOP Cabrales<\/strong>\u00a0y\u00a0<strong data-start=\"1130\" data-end=\"1151\">Conceyu de Parres<\/strong>.<\/p>\n<p data-start=\"1156\" data-end=\"1414\">\u00dan de los momentos m\u00e1s rese\u00f1ables va ser l\u2019<strong data-start=\"1200\" data-end=\"1243\">hermanamientu ente Parres y Ribeseya<\/strong>, baxo\u2019l llema\u00a0<em data-start=\"1257\" data-end=\"1278\">\u00abAndecha &amp; Enta\u00edna\u00bb<\/em>, col que dambos conceyos quien enfortiar la so xuni\u00f3n en defensa y promoci\u00f3n de la cultura sidrera artesanal del oriente asturianu.<\/p>\n<p data-start=\"1416\" data-end=\"1746\">Tami\u00e9n se van facer\u00a0<strong data-start=\"1436\" data-end=\"1462\">entregues honor\u00edfiques<\/strong>: un reconocimientu p\u00f3stumu a\u00a0<strong data-start=\"1492\" data-end=\"1511\">Marcial Manzano<\/strong>, fin\u00e1u\u2019l 31 de xunetu, y el nomamientu de\u00a0<strong data-start=\"1556\" data-end=\"1603\">Manuel Corteguera (Manel\u00edn el de La Salgar)<\/strong>, de 92 a\u00f1os, como\u00a0<strong data-start=\"1622\" data-end=\"1639\">Sociu d\u2019Honor<\/strong>\u00a0de la Andecha Sidrera de Parres, en reconocencia a la so trayeutoria y compromiso col mundiu la sidre.<\/p>\n<p data-start=\"1748\" data-end=\"2131\">El certame, que ca a\u00f1u gana en participaci\u00f3n y prestixu,\u00a0<strong data-start=\"1806\" data-end=\"1870\">consol\u00eddase como un referente sidreru nel oriente d\u2019Asturies<\/strong>, un puntu d\u2019alcuentru pa ellaboraores, xente del conceyu y visitantes. La coincidencia col Certame de la Casta\u00f1a y Productos de la G\u00fcerta enfortiaa\u2019l car\u00e1uter gastron\u00f3micu y cultural d\u2019una xornada que cellebra la tradici\u00f3n, la comunid\u00e1 y el saborgu de la tierra.<\/p>\n<p>&nbsp;<\/p>\n<p style=\"text-align: center\"><a href=\"https:\/\/www.lasidra.net\/wp-content\/uploads\/2025\/11\/IV-Sidre-Casero-de-Parres-768x869.jpeg\"><img loading=\"lazy\" decoding=\"async\" class=\"aligncenter size-large\" src=\"https:\/\/www.lasidra.net\/wp-content\/uploads\/2025\/11\/IV-Sidre-Casero-de-Parres-768x869.jpeg\" width=\"768\" height=\"869\" \/><\/a><\/p>\n","protected":false},"excerpt":{"rendered":"<p>LASIDRA.- El\u00a0IV Concursu y Preba de Sidra Casera de Parres\u00a0va ceLlebrase esti\u00a0domingu 2 de payares de 2025\u00a0na\u00a0plaza Venancio Pando de Les Arriondes, dientru\u2019l marcu del\u00a0XXXIV Certame de la Casta\u00f1a y Productos de la G\u00fcerta. La convocatoria ta entamada pola\u00a0Andecha Sidrera de Parres, que sigue trabayando pola promoci\u00f3n de la sidre casero y el reconocimientu de [&hellip;]<\/p>\n","protected":false},"author":117,"featured_media":0,"comment_status":"closed","ping_status":"open","sticky":false,"template":"","format":"standard","meta":{"footnotes":""},"categories":[61,156],"tags":[],"class_list":["post-60857","post","type-post","status-publish","format-standard","hentry","category-concursu","category-sidre"],"_links":{"self":[{"href":"https:\/\/edublog.educastur.es\/ixuxu\/wp-json\/wp\/v2\/posts\/60857","targetHints":{"allow":["GET"]}}],"collection":[{"href":"https:\/\/edublog.educastur.es\/ixuxu\/wp-json\/wp\/v2\/posts"}],"about":[{"href":"https:\/\/edublog.educastur.es\/ixuxu\/wp-json\/wp\/v2\/types\/post"}],"author":[{"embeddable":true,"href":"https:\/\/edublog.educastur.es\/ixuxu\/wp-json\/wp\/v2\/users\/117"}],"replies":[{"embeddable":true,"href":"https:\/\/edublog.educastur.es\/ixuxu\/wp-json\/wp\/v2\/comments?post=60857"}],"version-history":[{"count":4,"href":"https:\/\/edublog.educastur.es\/ixuxu\/wp-json\/wp\/v2\/posts\/60857\/revisions"}],"predecessor-version":[{"id":60861,"href":"https:\/\/edublog.educastur.es\/ixuxu\/wp-json\/wp\/v2\/posts\/60857\/revisions\/60861"}],"wp:attachment":[{"href":"https:\/\/edublog.educastur.es\/ixuxu\/wp-json\/wp\/v2\/media?parent=60857"}],"wp:term":[{"taxonomy":"category","embeddable":true,"href":"https:\/\/edublog.educastur.es\/ixuxu\/wp-json\/wp\/v2\/categories?post=60857"},{"taxonomy":"post_tag","embeddable":true,"href":"https:\/\/edublog.educastur.es\/ixuxu\/wp-json\/wp\/v2\/tags?post=60857"}],"curies":[{"name":"wp","href":"https:\/\/api.w.org\/{rel}","templated":true}]}}