{"id":60864,"date":"2025-10-21T09:05:28","date_gmt":"2025-10-21T07:05:28","guid":{"rendered":"https:\/\/edublog.educastur.es\/ixuxu\/?p=60864"},"modified":"2025-11-01T13:50:16","modified_gmt":"2025-11-01T11:50:16","slug":"los-escolinos-xixoneses-cellebren-el-dii-de-la-mazana","status":"publish","type":"post","link":"https:\/\/edublog.educastur.es\/ixuxu\/2025\/10\/los-escolinos-xixoneses-cellebren-el-dii-de-la-mazana\/","title":{"rendered":"Los escolinos xixoneses cellebren el \u00abD\u00edi de la Mazana\u00bb"},"content":{"rendered":"<p style=\"text-align: center\"><a href=\"https:\/\/www.lasidra.net\/wp-content\/uploads\/2025\/10\/dii-la-mazana-722x1021.jpg\"><img loading=\"lazy\" decoding=\"async\" class=\"aligncenter \" src=\"https:\/\/www.lasidra.net\/wp-content\/uploads\/2025\/10\/dii-la-mazana-722x1021.jpg\" width=\"551\" height=\"779\" \/><\/a><\/p>\n<p data-start=\"99\" data-end=\"683\"><span style=\"color: #008080\">La Fundaci\u00f3n Asturies XXI, cola collaboraci\u00f3n de la Conseyer\u00eda de Cultura, entama la primer edici\u00f3n de la cellebraci\u00f3n escolar del D\u00edi Internacional de la Mazana, <strong>una xornada educativa y participativa que busca averar a los escolinos xixoneses a la Cultura Asturiana de la Sidre.<\/strong><\/span><\/p>\n<p data-start=\"685\" data-end=\"1237\">LA SIDRA \u2013 La propuesta tien un marcu netamente pedag\u00f3xicu, conceb\u00edu dende la idea de que <strong>la cultura y la tradici\u00f3n pueden ser veh\u00edculu d\u2019aprendizaxe vivencial.<\/strong> A lo llargo la ma\u00f1ana, los ne\u00f1os y ne\u00f1es van tomar parte en talleres y xuegos que los van poner en contactu direutu col procesu tradicional de la sidre y cola diversid\u00e1 de la mazana asturiana. La esperiencia pretende fomentar la curiosid\u00e1, el aprendizaxe sensorial y el trabayu en grupu, ensin perder de vista\u2019l valor que tien la mazana como alimentu saludable y como s\u00edmbolu identitariu del pa\u00eds.<\/p>\n<p data-start=\"685\" data-end=\"1237\"><!--more--><\/p>\n<p data-start=\"1239\" data-end=\"1697\">Baxo la supervisi\u00f3n de profesores y monitores especializaos, los grupos escolares van rotar por distintos espacios de trabayu, participando n\u2019actividaes que van dende la sema de pebides y la mayada de mazana hasta\u2019l prens\u00e1u de la sidre\u2019l duernu y la pr\u00e1ctica d\u2019echar -con agua-. Tami\u00e9n van realizase xuegos de relevos, prebes d\u2019equilibriu y debuxos de variedaes de mazana, integrando asina l\u2019aspectu f\u00edsicu, art\u00edsticu y cultural nun mesmu programa d\u2019aprendizaxe.<\/p>\n<p data-start=\"1699\" data-end=\"2144\">La xornada rematar\u00e1 cola preba de la sidre\u2019l duernu reci\u00e9n ellaborada, un momentu compart\u00edu que simboliza el trabayu colectivu y la participaci\u00f3n activa de tolos escolares. La organizaci\u00f3n cuenta pa esta activid\u00e1 cola esperiencia de los monitores del programa Sidr\u00f3coles, que lleva a\u00f1os tresmitiendo la cultura sidrera ente la moced\u00e1 asturiana, con talleres y mayada de mazana en colexos y folixes de toa Asturies.<\/p>\n<p data-start=\"99\" data-end=\"683\">La cita celebrarase\u2019l pr\u00f3ximu 21 d\u2019ochobre, D\u00edi Internacional de la Mazana, ente les nueve y media y la una y media del mediud\u00edi, y cuntar\u00e1 cola participaci\u00f3n de dellos colexos del conceyu.<\/p>\n<p data-start=\"1699\" data-end=\"2144\">Pente los escolinos participantes tar\u00e1n los del Sanatoriu Mar\u00edtimu, afondando asina na llabor d\u2019inclusivid\u00e1 que la Fundaci\u00f3n Asturies XXI lleva desendolcando va pocu m\u00e1s d\u2019un a\u00f1u, con talleres nos que participen en comu\u00f1a persones con estremaes capacidaes f\u00edsiques y cognitives.<\/p>\n<p data-start=\"2146\" data-end=\"2605\">Cola celebraci\u00f3n d\u2019esti D\u00eda Internacional de la Mazana, la Fundaci\u00f3n Asturies XXI reafirma\u2019l so compromisu col desendolcu d\u2019una educaci\u00f3n activa, inclusiva y venceyada al padremu\u00f1u cultural asturianu. La iniciativa busca, am\u00e1s, reforzar les directrices de la UNESCO sobre la ense\u00f1anza de la Cultura Asturiana de la Sidra, reconocida como Bien Inmaterial de la Humanid\u00e1, al mesmu tiempu que promueve\u2019l respetu pola tradici\u00f3n y pola diversid\u00e1 cultural.<\/p>\n","protected":false},"excerpt":{"rendered":"<p>La Fundaci\u00f3n Asturies XXI, cola collaboraci\u00f3n de la Conseyer\u00eda de Cultura, entama la primer edici\u00f3n de la cellebraci\u00f3n escolar del D\u00edi Internacional de la Mazana, una xornada educativa y participativa que busca averar a los escolinos xixoneses a la Cultura Asturiana de la Sidre. LA SIDRA \u2013 La propuesta tien un marcu netamente pedag\u00f3xicu, conceb\u00edu [&hellip;]<\/p>\n","protected":false},"author":117,"featured_media":0,"comment_status":"closed","ping_status":"open","sticky":false,"template":"","format":"standard","meta":{"footnotes":""},"categories":[138,6,156],"tags":[],"class_list":["post-60864","post","type-post","status-publish","format-standard","hentry","category-alimentos","category-dia-de","category-sidre"],"_links":{"self":[{"href":"https:\/\/edublog.educastur.es\/ixuxu\/wp-json\/wp\/v2\/posts\/60864","targetHints":{"allow":["GET"]}}],"collection":[{"href":"https:\/\/edublog.educastur.es\/ixuxu\/wp-json\/wp\/v2\/posts"}],"about":[{"href":"https:\/\/edublog.educastur.es\/ixuxu\/wp-json\/wp\/v2\/types\/post"}],"author":[{"embeddable":true,"href":"https:\/\/edublog.educastur.es\/ixuxu\/wp-json\/wp\/v2\/users\/117"}],"replies":[{"embeddable":true,"href":"https:\/\/edublog.educastur.es\/ixuxu\/wp-json\/wp\/v2\/comments?post=60864"}],"version-history":[{"count":1,"href":"https:\/\/edublog.educastur.es\/ixuxu\/wp-json\/wp\/v2\/posts\/60864\/revisions"}],"predecessor-version":[{"id":60865,"href":"https:\/\/edublog.educastur.es\/ixuxu\/wp-json\/wp\/v2\/posts\/60864\/revisions\/60865"}],"wp:attachment":[{"href":"https:\/\/edublog.educastur.es\/ixuxu\/wp-json\/wp\/v2\/media?parent=60864"}],"wp:term":[{"taxonomy":"category","embeddable":true,"href":"https:\/\/edublog.educastur.es\/ixuxu\/wp-json\/wp\/v2\/categories?post=60864"},{"taxonomy":"post_tag","embeddable":true,"href":"https:\/\/edublog.educastur.es\/ixuxu\/wp-json\/wp\/v2\/tags?post=60864"}],"curies":[{"name":"wp","href":"https:\/\/api.w.org\/{rel}","templated":true}]}}