{"id":60883,"date":"2025-11-01T11:00:54","date_gmt":"2025-11-01T09:00:54","guid":{"rendered":"https:\/\/edublog.educastur.es\/ixuxu\/?p=60883"},"modified":"2025-11-01T15:08:43","modified_gmt":"2025-11-01T13:08:43","slug":"el-campusantu-mas-emotivu-dasturies-banduxu-proaza","status":"publish","type":"post","link":"https:\/\/edublog.educastur.es\/ixuxu\/2025\/11\/el-campusantu-mas-emotivu-dasturies-banduxu-proaza\/","title":{"rendered":"El campusantu m\u00e1s emotivu d&#8217;Asturies: Banduxu (Proaza)"},"content":{"rendered":"<p style=\"text-align: center\"><span class=\"x193iq5w xeuugli x13faqbe x1vvkbs xt0psk2 x1i0vuye xvs91rp xo1l8bm x5n08af x10wh9bi xpm28yp x8viiok x1o7cslx x126k92a\"><span class=\"html-span xexx8yu x4uap5 x18d9i69 xkhd6sd x1hl2dhg x16tdsg8 x1vvkbs x3nfvp2 x1j61x8r x1fcty0u xdj266r xat24cr xgzva0m xhhsvwb xxymvpz xlup9mm x1kky2od\">\n<!-- iframe plugin v.6.0 wordpress.org\/plugins\/iframe\/ -->\n<iframe loading=\"lazy\" src=\"https:\/\/www.instagram.com\/reel\/DQeWXnkDCld\/embed\" width=\"460\" 0 1=\"class=&quot;x193iq5w\" 2=\"xeuugli\" 3=\"x13faqbe\" 4=\"x1vvkbs\" 5=\"xt0psk2\" 6=\"x1i0vuye\" 7=\"xvs91rp\" 8=\"xo1l8bm\" 9=\"x5n08af\" 10=\"x10wh9bi\" 11=\"xpm28yp\" 12=\"x8viiok\" 13=\"x1o7cslx\" 14 15=\"class=&quot;html-span\" 16=\"xexx8yu\" 17=\"x4uap5\" 18=\"x18d9i69\" 19=\"xkhd6sd\" 20=\"x1hl2dhg\" 21=\"x16tdsg8\" 22=\"x1vvkbs\" 23=\"x3nfvp2\" 24=\"x1j61x8r\" 25=\"x1fcty0u\" 26=\"xdj266r\" 27=\"xat24cr\" 28=\"xgzva0m\" 29=\"xhhsvwb\" 30=\"xxymvpz\" 31=\"xlup9mm\" 32=\"x1kky2od&quot;&gt;5&quot;\" 33=\"\/iframe\" height=\"500\" scrolling=\"yes\" class=\"iframe-class\" frameborder=\"0\"><\/iframe>\n<\/span><\/span><\/p>\n<div class=\"xyinxu5 xv54qhq x1g2khh7 xf7dkkf\">\n<div class=\"x6s0dn4 x78zum5 x1q0g3np x1nhvcw1 xh8yej3\">\n<div class=\"html-div xdj266r x14z9mp xat24cr x1lziwak xexx8yu xyri2b x18d9i69 x1c1uobl x9f619 xjbqb8w x78zum5 x15mokao x1ga7v0g x16uus16 xbiv7yw x1uhb9sk x1plvlek xryxfnj x1iyjqo2 x2lwn1j xeuugli x1q0g3np xqjyukv x6s0dn4 x1oa3qoh x1nhvcw1\">\n<div class=\"html-div xdj266r x14z9mp xat24cr x1lziwak xexx8yu xyri2b x18d9i69 x1c1uobl x9f619 x5lhr3w xjbqb8w x78zum5 x15mokao x1ga7v0g x16uus16 xbiv7yw x1n2onr6 x1plvlek xryxfnj x1c4vz4f x2lah0s xdt5ytf xqjyukv x1qjc9v5 x1oa3qoh xl56j7k\">\n<div class=\"html-div xdj266r x14z9mp xat24cr x1lziwak xexx8yu xyri2b x18d9i69 x1c1uobl x9f619 xjbqb8w x78zum5 x15mokao x1ga7v0g x16uus16 xbiv7yw x1uhb9sk x1plvlek xryxfnj x1c4vz4f x2lah0s x1q0g3np xqjyukv x6s0dn4 x1oa3qoh x1nhvcw1\">\n<p><a class=\"x1i10hfl xjbqb8w x1ejq31n x18oe1m7 x1sy0etr xstzfhl x972fbf x10w94by x1qhh985 x14e42zd x9f619 x1ypdohk xt0psk2 x3ct3a4 xdj266r x14z9mp xat24cr x1lziwak xexx8yu xyri2b x18d9i69 x1c1uobl x16tdsg8 x1hl2dhg xggy1nq x1a2a7pz x5n08af x9n4tj2 _a6hd\" role=\"link\" href=\"https:\/\/www.instagram.com\/explore\/locations\/251436665972379\/banduxu\/\">Banduxu,<\/a> <strong>un homenaxe a les nueses tradiciones y a la nuesa cultura popular.<\/strong> Una pequena aldega asturiana, d&#8217;apenes 40 habitantes, arrodiada de verdes montes. Atesora unu de los n\u00facleos medievales meyor calten\u00edos del Princip\u00e1u, onde destaca&#8217;l so torrex\u00f3n, la Torre de los Tu\u00f1\u00f3n.<\/p>\n<\/div>\n<\/div>\n<\/div>\n<\/div>\n<\/div>\n<p><!--more--><\/p>\n<div class=\"x5yr21d xw2csxc x1odjw0f x1n2onr6\">\n<div class=\"x9f619 x78zum5 xdt5ytf x5yr21d xexx8yu xv54qhq x1l90r2v xf7dkkf x10l6tqk xh8yej3\">\n<div class=\"html-div xdj266r x14z9mp xat24cr x1lziwak xyri2b x1c1uobl x9f619 xjbqb8w x78zum5 x15mokao x1ga7v0g x16uus16 xbiv7yw xsag5q8 xz9dl7a x1uhb9sk x1plvlek xryxfnj x1c4vz4f x2lah0s x1q0g3np xqjyukv x1qjc9v5 x1oa3qoh x1nhvcw1\">\n<div class=\"html-div xdj266r x14z9mp xat24cr x1lziwak xexx8yu xyri2b x18d9i69 x1c1uobl x9f619 xjbqb8w x78zum5 x15mokao x1ga7v0g x16uus16 xbiv7yw x1uhb9sk x1plvlek xryxfnj x1iyjqo2 x2lwn1j xeuugli x1q0g3np xqjyukv x1qjc9v5 x1oa3qoh x1nhvcw1\">\n<div class=\"html-div xdj266r x14z9mp xat24cr x1lziwak xexx8yu xyri2b x18d9i69 x1c1uobl x9f619 xjbqb8w x78zum5 x15mokao x1ga7v0g x16uus16 xbiv7yw x1uhb9sk x1plvlek xryxfnj x1iyjqo2 x2lwn1j xeuugli xdt5ytf xqjyukv x1qjc9v5 x1oa3qoh x1nhvcw1\">\n<div class=\"html-div xdj266r x14z9mp xat24cr x1lziwak xexx8yu xyri2b x18d9i69 x1c1uobl x9f619 xjbqb8w x78zum5 x15mokao x1ga7v0g x16uus16 xbiv7yw x1uhb9sk x1plvlek xryxfnj x1c4vz4f x2lah0s xdt5ytf xqjyukv x1qjc9v5 x1oa3qoh x1nhvcw1\">\n<p>Un campusantu comunal con 27 tumbes escavaes en tierra, ensin ll\u00e1banes nin due\u00f1os. <strong>El postreru fin\u00e1u, recibe sepultura na tumba onde s&#8217;atopen los restos m\u00e1s antiguos.<\/strong> Y una antigua costume de los pueblos de la zona, tami\u00e9n de Quir\u00f3s y otros llugares, de probable orixe paganu. Los d\u00edes previos a Difuntos, los vecinos afaten les tumbes con cobertores de flores.\u00a0Da igual si ent\u00e1 queden o non familiares vivos que puedan faelo, nenguna queda ensin decorar.<\/p>\n<p>Tierra negra, posos de caf\u00e9 pa igualar el terr\u00e9n que sirve de llenzu y les flores asitiaes formando distintes composiciones. <strong>Un homenaxe a un pueblu que, en comunid\u00e1, recuerda a los sos difuntos y caltien vivas les tradiciones.\u00a0<\/strong>Semeyes del a\u00f1u pas\u00e1u, en d\u00edes posteriores al 1 de payares, respetando la intimid\u00e1 de los familiares.<\/p>\n<\/div>\n<\/div>\n<\/div>\n<\/div>\n<\/div>\n<\/div>\n","protected":false},"excerpt":{"rendered":"<p>Banduxu, un homenaxe a les nueses tradiciones y a la nuesa cultura popular. Una pequena aldega asturiana, d&#8217;apenes 40 habitantes, arrodiada de verdes montes. Atesora unu de los n\u00facleos medievales meyor calten\u00edos del Princip\u00e1u, onde destaca&#8217;l so torrex\u00f3n, la Torre de los Tu\u00f1\u00f3n.<\/p>\n","protected":false},"author":117,"featured_media":0,"comment_status":"closed","ping_status":"open","sticky":false,"template":"","format":"standard","meta":{"footnotes":""},"categories":[97,1,113],"tags":[],"class_list":["post-60883","post","type-post","status-publish","format-standard","hentry","category-samain","category-sin-categoria","category-tradiciones"],"_links":{"self":[{"href":"https:\/\/edublog.educastur.es\/ixuxu\/wp-json\/wp\/v2\/posts\/60883","targetHints":{"allow":["GET"]}}],"collection":[{"href":"https:\/\/edublog.educastur.es\/ixuxu\/wp-json\/wp\/v2\/posts"}],"about":[{"href":"https:\/\/edublog.educastur.es\/ixuxu\/wp-json\/wp\/v2\/types\/post"}],"author":[{"embeddable":true,"href":"https:\/\/edublog.educastur.es\/ixuxu\/wp-json\/wp\/v2\/users\/117"}],"replies":[{"embeddable":true,"href":"https:\/\/edublog.educastur.es\/ixuxu\/wp-json\/wp\/v2\/comments?post=60883"}],"version-history":[{"count":5,"href":"https:\/\/edublog.educastur.es\/ixuxu\/wp-json\/wp\/v2\/posts\/60883\/revisions"}],"predecessor-version":[{"id":60911,"href":"https:\/\/edublog.educastur.es\/ixuxu\/wp-json\/wp\/v2\/posts\/60883\/revisions\/60911"}],"wp:attachment":[{"href":"https:\/\/edublog.educastur.es\/ixuxu\/wp-json\/wp\/v2\/media?parent=60883"}],"wp:term":[{"taxonomy":"category","embeddable":true,"href":"https:\/\/edublog.educastur.es\/ixuxu\/wp-json\/wp\/v2\/categories?post=60883"},{"taxonomy":"post_tag","embeddable":true,"href":"https:\/\/edublog.educastur.es\/ixuxu\/wp-json\/wp\/v2\/tags?post=60883"}],"curies":[{"name":"wp","href":"https:\/\/api.w.org\/{rel}","templated":true}]}}