{"id":60886,"date":"2025-11-01T09:00:18","date_gmt":"2025-11-01T07:00:18","guid":{"rendered":"https:\/\/edublog.educastur.es\/ixuxu\/?p=60886"},"modified":"2025-11-01T14:20:17","modified_gmt":"2025-11-01T12:20:17","slug":"noviembre-payares","status":"publish","type":"post","link":"https:\/\/edublog.educastur.es\/ixuxu\/2025\/11\/noviembre-payares\/","title":{"rendered":"Noviembre\/payares"},"content":{"rendered":"<p>\ud83d\uddd3\ufe0f Payares \ud83c\udf41\ud83c\udf42<\/p>\n<p style=\"text-align: center\"><a href=\"https:\/\/pbs.twimg.com\/media\/EIsmpcsWwAAE5MX?format=jpg&amp;name=900x900\"><img loading=\"lazy\" decoding=\"async\" class=\"aligncenter size-large\" src=\"https:\/\/pbs.twimg.com\/media\/EIsmpcsWwAAE5MX?format=jpg&amp;name=900x900\" width=\"900\" height=\"450\" \/><\/a><\/p>\n<p>Nel calendariu gregorianu, payares ye l&#8217;und\u00e9cimu y pen\u00faltimu mes del a\u00f1u y tien 30 d\u00edes. <strong>El so nome deriva de novem (\u2018nueve\u2019, en llat\u00edn), por ser el novenu mes del calendariu romanu<\/strong>. Caltuvo&#8217;l so nome novenu\u00bb inclusive cuando al a\u00f1u amest\u00e1ronse-y otros meses dempu\u00e9s.<\/p>\n<p><!--more--><br \/>\nDe primeres, representa a payares so la figura d&#8217;un sacerdote de la <strong>diosa Isis<\/strong> vist\u00edu con una t\u00fanica de llinu cola cabeza calvo y sofitao nun altar sobro&#8217;l cual hab\u00eda una cabeza de cabritu, animal que se sacrificaba a la diosa nel mes de payares.<\/p>\n<p style=\"text-align: center\"><a href=\"https:\/\/upload.wikimedia.org\/wikipedia\/commons\/thumb\/e\/ec\/Isis.svg\/330px-Isis.svg.png\"><img loading=\"lazy\" decoding=\"async\" class=\"aligncenter size-large\" src=\"https:\/\/upload.wikimedia.org\/wikipedia\/commons\/thumb\/e\/ec\/Isis.svg\/330px-Isis.svg.png\" width=\"330\" height=\"725\" \/><\/a><\/p>\n<p>Los modernos repres\u00e9ntenlo so la forma d&#8217;un personaxe vist\u00edu de fueya seca con una mano sofitada nel signu de Sagitario y l&#8217;otra sosteniendo un cuernu de la bayura, d&#8217;onde salen ciertos raiga\u00f1os, \u00faltimu presente que nos ufierta la tierra.<\/p>\n<p>Les piedres de nacencia de payares son el topaciu y el citrino. El citrino, colos sos tonos mariellu y anaranx\u00e1u, acom\u00fa\u00f1ase cola allegr\u00eda, la prosperid\u00e1 y l&#8217;\u00e9situ. El topaciu ye una piedra m\u00e1s tradicional, que vien en colores dende&#8217;l mariellu p\u00e1lido hasta&#8217;l dor\u00e1u, y dizse qu&#8217;apurre felicid\u00e1 y sal\u00fa.<br \/>\nFonte: Wikipedia<\/p>\n<p style=\"text-align: center\"><a href=\"https:\/\/ganasdevivir.es\/vivir\/wp-content\/uploads\/2024\/10\/november-010-copy.jpg\"><img loading=\"lazy\" decoding=\"async\" class=\"aligncenter size-large\" src=\"https:\/\/ganasdevivir.es\/vivir\/wp-content\/uploads\/2024\/10\/november-010-copy.jpg\" width=\"1600\" height=\"1059\" \/><\/a><\/p>\n","protected":false},"excerpt":{"rendered":"<p>\ud83d\uddd3\ufe0f Payares \ud83c\udf41\ud83c\udf42 Nel calendariu gregorianu, payares ye l&#8217;und\u00e9cimu y pen\u00faltimu mes del a\u00f1u y tien 30 d\u00edes. El so nome deriva de novem (\u2018nueve\u2019, en llat\u00edn), por ser el novenu mes del calendariu romanu. Caltuvo&#8217;l so nome novenu\u00bb inclusive cuando al a\u00f1u amest\u00e1ronse-y otros meses dempu\u00e9s.<\/p>\n","protected":false},"author":117,"featured_media":0,"comment_status":"closed","ping_status":"open","sticky":false,"template":"","format":"standard","meta":{"footnotes":""},"categories":[73],"tags":[],"class_list":["post-60886","post","type-post","status-publish","format-standard","hentry","category-calendariu"],"_links":{"self":[{"href":"https:\/\/edublog.educastur.es\/ixuxu\/wp-json\/wp\/v2\/posts\/60886","targetHints":{"allow":["GET"]}}],"collection":[{"href":"https:\/\/edublog.educastur.es\/ixuxu\/wp-json\/wp\/v2\/posts"}],"about":[{"href":"https:\/\/edublog.educastur.es\/ixuxu\/wp-json\/wp\/v2\/types\/post"}],"author":[{"embeddable":true,"href":"https:\/\/edublog.educastur.es\/ixuxu\/wp-json\/wp\/v2\/users\/117"}],"replies":[{"embeddable":true,"href":"https:\/\/edublog.educastur.es\/ixuxu\/wp-json\/wp\/v2\/comments?post=60886"}],"version-history":[{"count":3,"href":"https:\/\/edublog.educastur.es\/ixuxu\/wp-json\/wp\/v2\/posts\/60886\/revisions"}],"predecessor-version":[{"id":60889,"href":"https:\/\/edublog.educastur.es\/ixuxu\/wp-json\/wp\/v2\/posts\/60886\/revisions\/60889"}],"wp:attachment":[{"href":"https:\/\/edublog.educastur.es\/ixuxu\/wp-json\/wp\/v2\/media?parent=60886"}],"wp:term":[{"taxonomy":"category","embeddable":true,"href":"https:\/\/edublog.educastur.es\/ixuxu\/wp-json\/wp\/v2\/categories?post=60886"},{"taxonomy":"post_tag","embeddable":true,"href":"https:\/\/edublog.educastur.es\/ixuxu\/wp-json\/wp\/v2\/tags?post=60886"}],"curies":[{"name":"wp","href":"https:\/\/api.w.org\/{rel}","templated":true}]}}