{"id":60892,"date":"2025-11-01T15:00:48","date_gmt":"2025-11-01T13:00:48","guid":{"rendered":"https:\/\/edublog.educastur.es\/ixuxu\/?p=60892"},"modified":"2025-11-01T14:23:36","modified_gmt":"2025-11-01T12:23:36","slug":"60892","status":"publish","type":"post","link":"https:\/\/edublog.educastur.es\/ixuxu\/2025\/11\/60892\/","title":{"rendered":""},"content":{"rendered":"<p style=\"text-align: center\"><span style=\"color: #800080\"><em><span style=\"font-size: 28px\">En d\u00edes como g\u00fcei convien recordar<\/span><\/em><\/span><br \/>\n<span style=\"color: #800080\"><em><span style=\"font-size: 28px\"> que \u00abla muerte nun nos roba los seres amaos,<\/span><\/em><\/span><br \/>\n<span style=\"color: #800080\"><em><span style=\"font-size: 28px\"> gu\u00e1rdalos e inmortal\u00edzalos na alcordanza.<\/span><\/em><\/span><\/p>\n<p style=\"text-align: center\"><strong><span style=\"color: #800080\"><em><span style=\"font-size: 28px\">La vida s\u00ed que nos los roba, <\/span><\/em><\/span><\/strong><br \/>\n<strong><span style=\"color: #800080\"><em><span style=\"font-size: 28px\">munches vegaes&#8230; definitivamente\u00bb.<\/span><\/em><\/span><\/strong><\/p>\n<p style=\"text-align: center\">Fran\u00e7ois Mauriac<\/p>\n","protected":false},"excerpt":{"rendered":"<p>En d\u00edes como g\u00fcei convien recordar que \u00abla muerte nun nos roba los seres amaos, gu\u00e1rdalos e inmortal\u00edzalos na alcordanza. La vida s\u00ed que nos los roba, munches vegaes&#8230; definitivamente\u00bb. Fran\u00e7ois Mauriac<\/p>\n","protected":false},"author":117,"featured_media":0,"comment_status":"closed","ping_status":"open","sticky":false,"template":"","format":"quote","meta":{"footnotes":""},"categories":[1],"tags":[],"class_list":["post-60892","post","type-post","status-publish","format-quote","hentry","category-sin-categoria","post_format-post-format-quote"],"_links":{"self":[{"href":"https:\/\/edublog.educastur.es\/ixuxu\/wp-json\/wp\/v2\/posts\/60892","targetHints":{"allow":["GET"]}}],"collection":[{"href":"https:\/\/edublog.educastur.es\/ixuxu\/wp-json\/wp\/v2\/posts"}],"about":[{"href":"https:\/\/edublog.educastur.es\/ixuxu\/wp-json\/wp\/v2\/types\/post"}],"author":[{"embeddable":true,"href":"https:\/\/edublog.educastur.es\/ixuxu\/wp-json\/wp\/v2\/users\/117"}],"replies":[{"embeddable":true,"href":"https:\/\/edublog.educastur.es\/ixuxu\/wp-json\/wp\/v2\/comments?post=60892"}],"version-history":[{"count":2,"href":"https:\/\/edublog.educastur.es\/ixuxu\/wp-json\/wp\/v2\/posts\/60892\/revisions"}],"predecessor-version":[{"id":60894,"href":"https:\/\/edublog.educastur.es\/ixuxu\/wp-json\/wp\/v2\/posts\/60892\/revisions\/60894"}],"wp:attachment":[{"href":"https:\/\/edublog.educastur.es\/ixuxu\/wp-json\/wp\/v2\/media?parent=60892"}],"wp:term":[{"taxonomy":"category","embeddable":true,"href":"https:\/\/edublog.educastur.es\/ixuxu\/wp-json\/wp\/v2\/categories?post=60892"},{"taxonomy":"post_tag","embeddable":true,"href":"https:\/\/edublog.educastur.es\/ixuxu\/wp-json\/wp\/v2\/tags?post=60892"}],"curies":[{"name":"wp","href":"https:\/\/api.w.org\/{rel}","templated":true}]}}