{"id":60895,"date":"2025-11-01T10:00:58","date_gmt":"2025-11-01T08:00:58","guid":{"rendered":"https:\/\/edublog.educastur.es\/ixuxu\/?p=60895"},"modified":"2025-11-01T14:31:58","modified_gmt":"2025-11-01T12:31:58","slug":"xxxviii-edicion-de-la-feria-del-miel-y-material-apicola-en-bual","status":"publish","type":"post","link":"https:\/\/edublog.educastur.es\/ixuxu\/2025\/11\/xxxviii-edicion-de-la-feria-del-miel-y-material-apicola-en-bual\/","title":{"rendered":"XXXVIII edici\u00f3n de la Feria del Miel y material ap\u00edcola en Bual"},"content":{"rendered":"<div class=\"html-div xdj266r x14z9mp xat24cr x1lziwak xexx8yu x1a8lsjc xf7dkkf xv54qhq\">\n<div class=\"html-div xdj266r x14z9mp xat24cr x1lziwak xexx8yu xyri2b x18d9i69 x1c1uobl x1jx94hy x78zum5 x1q0g3np\">\n<div class=\"x78zum5 xdt5ytf xz62fqu x16ldp7u\">\n<div class=\"xu06os2 x1ok221b\">\n<div class=\"html-div xdj266r x14z9mp xat24cr x1lziwak xexx8yu xyri2b x18d9i69 x1c1uobl\" data-ad-rendering-role=\"profile_name\">\n<ul>\n<li class=\"html-h3 x14z9mp xat24cr x1lziwak xexx8yu xyri2b x18d9i69 x1c1uobl x1vvkbs x1heor9g x1qlqyl8 x1pd3egz x1a2a7pz x1gslohp x1yc453h\"><span class=\"x1lliihq x6ikm8r x10wlt62 x1n2onr6\"><span class=\"xt0psk2\"><a class=\"x1i10hfl xjbqb8w x1ejq31n x18oe1m7 x1sy0etr xstzfhl x972fbf x10w94by x1qhh985 x14e42zd x9f619 x1ypdohk xt0psk2 x3ct3a4 xdj266r x14z9mp xat24cr x1lziwak xexx8yu xyri2b x18d9i69 x1c1uobl x16tdsg8 x1hl2dhg xggy1nq x1a2a7pz xkrqix3 x1sur9pj xzsf02u x1s688f\" role=\"link\" href=\"https:\/\/www.facebook.com\/elcampodeasturias?__cft__[0]=AZXn6iEB0qUOfVZPHOgFsPjpm_vK2BBpFxlbgfX26RPAs9vLt_3PSWJ4Tjt9Z3W6qt2mLIV4CT457TeRwiPP3zT8PTpxX4ZThZV4ryrXZDrMBqPi_QhY1PwzwTnTDI9bPcrijNvS7viYRDrodOBvnAKj2DP6CYqaMHf7ut9lfhe7rxCCmhbDnR3xBQBFGDLvey7TxEwiBTIdrBSrvtoTiObw&amp;__tn__=-UC%2CP-y-R\"><b class=\"html-b xdj266r x14z9mp xat24cr x1lziwak xexx8yu xyri2b x18d9i69 x1c1uobl x1hl2dhg x16tdsg8 x1vvkbs x1s688f\"><span class=\"html-span xdj266r x14z9mp xat24cr x1lziwak xexx8yu xyri2b x18d9i69 x1c1uobl x1hl2dhg x16tdsg8 x1vvkbs\">El Campo de Asturias<\/span><\/b><\/a><\/span><\/span>\/ <a href=\"https:\/\/www.boal.es\/feria-de-la-miel-de-boal\">Info<\/a> \/ <a href=\"https:\/\/www.asturiasdefiesta.es\/xxxviii-feria-de-la-miel-en-boal-2025\/fiestas\">programa<\/a> \/Im\u00e1xes de la <span class=\"html-span xdj266r x14z9mp xat24cr x1lziwak xexx8yu xyri2b x18d9i69 x1c1uobl x1hl2dhg x16tdsg8 x1vvkbs\"><a class=\"x1i10hfl xjbqb8w x1ejq31n x18oe1m7 x1sy0etr xstzfhl x972fbf x10w94by x1qhh985 x14e42zd x9f619 x1ypdohk xt0psk2 x3ct3a4 xdj266r x14z9mp xat24cr x1lziwak xexx8yu xyri2b x18d9i69 x1c1uobl x16tdsg8 x1hl2dhg xggy1nq x1a2a7pz xkrqix3 x1sur9pj x1fey0fg x1s688f\" role=\"link\" href=\"https:\/\/www.facebook.com\/hashtag\/feriadelamiel?__eep__=6&amp;__cft__[0]=AZXn6iEB0qUOfVZPHOgFsPjpm_vK2BBpFxlbgfX26RPAs9vLt_3PSWJ4Tjt9Z3W6qt2mLIV4CT457TeRwiPP3zT8PTpxX4ZThZV4ryrXZDrMBqPi_QhY1PwzwTnTDI9bPcrijNvS7viYRDrodOBvnAKj2DP6CYqaMHf7ut9lfhe7rxCCmhbDnR3xBQBFGDLvey7TxEwiBTIdrBSrvtoTiObw&amp;__tn__=*NK-y-R\">#Feriadelamiel<\/a><\/span> de <span class=\"html-span xdj266r x14z9mp xat24cr x1lziwak xexx8yu xyri2b x18d9i69 x1c1uobl x1hl2dhg x16tdsg8 x1vvkbs\"><a class=\"x1i10hfl xjbqb8w x1ejq31n x18oe1m7 x1sy0etr xstzfhl x972fbf x10w94by x1qhh985 x14e42zd x9f619 x1ypdohk xt0psk2 x3ct3a4 xdj266r x14z9mp xat24cr x1lziwak xexx8yu xyri2b x18d9i69 x1c1uobl x16tdsg8 x1hl2dhg xggy1nq x1a2a7pz xkrqix3 x1sur9pj x1fey0fg x1s688f\" role=\"link\" href=\"https:\/\/www.facebook.com\/hashtag\/boal?__eep__=6&amp;__cft__[0]=AZXn6iEB0qUOfVZPHOgFsPjpm_vK2BBpFxlbgfX26RPAs9vLt_3PSWJ4Tjt9Z3W6qt2mLIV4CT457TeRwiPP3zT8PTpxX4ZThZV4ryrXZDrMBqPi_QhY1PwzwTnTDI9bPcrijNvS7viYRDrodOBvnAKj2DP6CYqaMHf7ut9lfhe7rxCCmhbDnR3xBQBFGDLvey7TxEwiBTIdrBSrvtoTiObw&amp;__tn__=*NK-y-R\">#Boal<\/a><\/span>.<\/li>\n<li class=\"html-h3 x14z9mp xat24cr x1lziwak xexx8yu xyri2b x18d9i69 x1c1uobl x1vvkbs x1heor9g x1qlqyl8 x1pd3egz x1a2a7pz x1gslohp x1yc453h\">Del 01 al 2 de payares\u00a0 \/ Pabell\u00f3n Polideportivu de Bual<\/li>\n<li><span style=\"color: #008080\"><strong>Activid\u00e1 d&#8217;Inter\u00e9s Tur\u00edstico del Princip\u00e1u d&#8217;Asturies<\/strong><\/span><\/li>\n<\/ul>\n<p style=\"text-align: center\"><a href=\"https:\/\/fusionasturias.com\/wp-content\/uploads\/2025\/10\/cera-de-miel-casera.jpg.webp\"><img loading=\"lazy\" decoding=\"async\" class=\"aligncenter size-large\" src=\"https:\/\/fusionasturias.com\/wp-content\/uploads\/2025\/10\/cera-de-miel-casera.jpg.webp\" width=\"692\" height=\"519\" \/><\/a><\/p>\n<p>M\u00fasica, tradiciones, talleres y concursos para los m\u00e1s pequenos y esposiciones completen la carta d&#8217;esti duce men\u00fa que la organizaci\u00f3n va poner a la so disposici\u00f3n para ser tasti\u00e1u los pr\u00f3ximos 1 y 2 de payares de 2025.. La <strong>XXXVIII edici\u00f3n de la Feria del Miel y material ap\u00edcola<\/strong> ye un certame comarcal onde tien cabida tou lo rellacionao col mundu de l&#8217;apicultura, l&#8217;artesan\u00eda y la agroalimentaci\u00f3n.<\/p>\n<p><!--more--><\/p>\n<p>Am\u00e1s de tolos productos rellacionaos cola apicultura van tener llugar actividaes para toes edaes, con m\u00fasica, esposiciones, deporte rural, talleres y concursos para los m\u00e1s pequenos\u2026<\/p>\n<p>Nel marcu de la Feria del Miel, Boal otorga tami\u00e9n el<strong> premiu El Cort\u00edn<\/strong> a aquelles persones ya instituciones que s&#8217;estremaren de dalguna manera pol so sofitu y promoci\u00f3n al sector ap\u00edcola, tantu a nivel asturianu como tami\u00e9n nacional.<\/p>\n<p style=\"text-align: center\"><a href=\"https:\/\/fusionasturias.com\/wp-content\/uploads\/2025\/10\/feria-miel-boal-25-cartel-programa.jpg.webp\"><img loading=\"lazy\" decoding=\"async\" class=\"aligncenter size-large\" src=\"https:\/\/fusionasturias.com\/wp-content\/uploads\/2025\/10\/feria-miel-boal-25-cartel-programa.jpg.webp\" width=\"342\" height=\"415\" \/><\/a><\/p>\n<p style=\"text-align: center\">\n<!-- iframe plugin v.6.0 wordpress.org\/plugins\/iframe\/ -->\n<iframe loading=\"lazy\" src=\"https:\/\/www.facebook.com\/plugins\/post.php?href=https%3A%2F%2Fwww.facebook.com%2Fphoto.php%3Ffbid%3D1156921663251214%26set%3Da.575442304732489%26type%3D3&#038;show_text=false&#038;width=500\" width=\"500\" height=\"562\" style=\"border:none;overflow:hidden\" scrolling=\"no\" frameborder=\"0\" allowfullscreen=\"true\" allow=\"autoplay; clipboard-write; encrypted-media; picture-in-picture; web-share\" 0=\"\/iframe\" class=\"iframe-class\"><\/iframe>\n<\/p>\n<\/div>\n<\/div>\n<\/div>\n<\/div>\n<\/div>\n<p>&nbsp;<\/p>\n","protected":false},"excerpt":{"rendered":"<p>El Campo de Asturias\/ Info \/ programa \/Im\u00e1xes de la #Feriadelamiel de #Boal. Del 01 al 2 de payares\u00a0 \/ Pabell\u00f3n Polideportivu de Bual Activid\u00e1 d&#8217;Inter\u00e9s Tur\u00edstico del Princip\u00e1u d&#8217;Asturies M\u00fasica, tradiciones, talleres y concursos para los m\u00e1s pequenos y esposiciones completen la carta d&#8217;esti duce men\u00fa que la organizaci\u00f3n va poner a la so [&hellip;]<\/p>\n","protected":false},"author":117,"featured_media":0,"comment_status":"closed","ping_status":"open","sticky":false,"template":"","format":"standard","meta":{"footnotes":""},"categories":[138,167,390],"tags":[],"class_list":["post-60895","post","type-post","status-publish","format-standard","hentry","category-alimentos","category-feries","category-miel"],"_links":{"self":[{"href":"https:\/\/edublog.educastur.es\/ixuxu\/wp-json\/wp\/v2\/posts\/60895","targetHints":{"allow":["GET"]}}],"collection":[{"href":"https:\/\/edublog.educastur.es\/ixuxu\/wp-json\/wp\/v2\/posts"}],"about":[{"href":"https:\/\/edublog.educastur.es\/ixuxu\/wp-json\/wp\/v2\/types\/post"}],"author":[{"embeddable":true,"href":"https:\/\/edublog.educastur.es\/ixuxu\/wp-json\/wp\/v2\/users\/117"}],"replies":[{"embeddable":true,"href":"https:\/\/edublog.educastur.es\/ixuxu\/wp-json\/wp\/v2\/comments?post=60895"}],"version-history":[{"count":7,"href":"https:\/\/edublog.educastur.es\/ixuxu\/wp-json\/wp\/v2\/posts\/60895\/revisions"}],"predecessor-version":[{"id":60902,"href":"https:\/\/edublog.educastur.es\/ixuxu\/wp-json\/wp\/v2\/posts\/60895\/revisions\/60902"}],"wp:attachment":[{"href":"https:\/\/edublog.educastur.es\/ixuxu\/wp-json\/wp\/v2\/media?parent=60895"}],"wp:term":[{"taxonomy":"category","embeddable":true,"href":"https:\/\/edublog.educastur.es\/ixuxu\/wp-json\/wp\/v2\/categories?post=60895"},{"taxonomy":"post_tag","embeddable":true,"href":"https:\/\/edublog.educastur.es\/ixuxu\/wp-json\/wp\/v2\/tags?post=60895"}],"curies":[{"name":"wp","href":"https:\/\/api.w.org\/{rel}","templated":true}]}}