{"id":60920,"date":"2025-10-30T15:59:06","date_gmt":"2025-10-30T13:59:06","guid":{"rendered":"https:\/\/edublog.educastur.es\/ixuxu\/?p=60920"},"modified":"2025-11-01T16:48:52","modified_gmt":"2025-11-01T14:48:52","slug":"muevete-por-reciclar-meyor","status":"publish","type":"post","link":"https:\/\/edublog.educastur.es\/ixuxu\/2025\/10\/muevete-por-reciclar-meyor\/","title":{"rendered":"Mu\u00e9vete por reciclar meyor"},"content":{"rendered":"<div class=\"html-div xdj266r x14z9mp xat24cr x1lziwak xexx8yu x1a8lsjc xf7dkkf xv54qhq\">\n<div class=\"html-div xdj266r x14z9mp xat24cr x1lziwak xexx8yu xyri2b x18d9i69 x1c1uobl x1jx94hy x78zum5 x1q0g3np\">\n<div class=\"x78zum5 xdt5ytf xz62fqu x16ldp7u\">\n<div class=\"xu06os2 x1ok221b\">\n<div class=\"html-div xdj266r x14z9mp xat24cr x1lziwak xexx8yu xyri2b x18d9i69 x1c1uobl\" data-ad-rendering-role=\"profile_name\">\n<h3 class=\"html-h3 x14z9mp xat24cr x1lziwak xexx8yu xyri2b x18d9i69 x1c1uobl x1vvkbs x1heor9g x1qlqyl8 x1pd3egz x1a2a7pz x1gslohp x1yc453h\" style=\"text-align: center\"><a href=\"https:\/\/www.oviedo.es\/documents\/25041\/1627293\/Muevete+por+reciclar.jpg\/698bb54d-dcb7-4f36-9273-00fee0533a17?t=1761735228974\"><img loading=\"lazy\" decoding=\"async\" class=\"aligncenter \" src=\"https:\/\/www.oviedo.es\/documents\/25041\/1627293\/Muevete+por+reciclar.jpg\/698bb54d-dcb7-4f36-9273-00fee0533a17?t=1761735228974\" width=\"585\" height=\"585\" \/><\/a><\/h3>\n<\/div>\n<\/div>\n<div class=\"xu06os2 x1ok221b\">\n<div class=\"html-div xdj266r x14z9mp xat24cr x1lziwak xexx8yu xyri2b x18d9i69 x1c1uobl x6s0dn4 x17zd0t2 x78zum5 x1q0g3np x1a02dak\"><\/div>\n<\/div>\n<\/div>\n<\/div>\n<\/div>\n<div class=\"html-div xdj266r x14z9mp xat24cr x1lziwak xexx8yu xyri2b x18d9i69 x1c1uobl\" dir=\"auto\">\n<div class=\"html-div xdj266r x14z9mp xat24cr x1lziwak xexx8yu xyri2b x18d9i69 x1c1uobl\" dir=\"auto\">\n<div class=\"html-div xdj266r x14z9mp xat24cr x1lziwak xexx8yu xyri2b x18d9i69 x1c1uobl\" data-ad-rendering-role=\"story_message\">\n<div class=\"x1l90r2v x1iorvi4 x1g0dm76 xpdmqnj\" data-ad-comet-preview=\"message\" data-ad-preview=\"message\">\n<div class=\"x78zum5 xdt5ytf xz62fqu x16ldp7u\">\n<div class=\"xu06os2 x1ok221b\">\n<div class=\"html-div xdj266r x14z9mp xat24cr x1lziwak xexx8yu xyri2b x18d9i69 x1c1uobl\">\n<div class=\"xdj266r x14z9mp xat24cr x1lziwak x1vvkbs x126k92a\">\n<div dir=\"auto\"><span class=\"html-span xexx8yu xyri2b x18d9i69 x1c1uobl x1hl2dhg x16tdsg8 x1vvkbs x3nfvp2 x1j61x8r x1fcty0u xdj266r xat24cr xm2jcoa x1mpyi22 xxymvpz xlup9mm x1kky2od\"><img loading=\"lazy\" decoding=\"async\" class=\"xz74otr x15mokao x1ga7v0g x16uus16 xbiv7yw\" src=\"https:\/\/static.xx.fbcdn.net\/images\/emoji.php\/v9\/tf8\/1\/16\/267b.png\" alt=\"\u267b\ufe0f\" width=\"16\" height=\"16\" \/> Mu\u00e9vete por reciclar meyor y participa nos xuegos. Ven y entra nel sort\u00e9u d&#8217;una fin de selmana d&#8217;ecoturismo para dos persones nel hotel Puebloastur en Picos d&#8217;Europa. \u00a1Te esperamos de 12 h a 20h! <a href=\"https:\/\/www.oviedo.es\/serviciosbasicos\/recogidabasuras\">https:\/\/www.oviedo.es\/serviciosbasicos\/recogidabasuras<\/a><\/span><\/div>\n<div dir=\"auto\">\n<div class=\"media\">\n<div class=\"media-body\">\n<div class=\"text-wrapper\">\n<div class=\"text\"><!--more--><\/div>\n<\/div>\n<\/div>\n<\/div>\n<div class=\"documents-wrapper\">\n<ul class=\"documents unstyled inline\">\n<li class=\"document-entry\"><a class=\"document document-pdf fa\" title=\"Descargar Recogida zona urbana\" href=\"https:\/\/www.oviedo.es\/documents\/25041\/2233961\/Recogida+zona+urbana\/0d136b17-e148-45aa-886b-4bd1cbe8aa32\">\u00a0<span class=\"title\">Recogida zona urbana<\/span>\u00a0<span class=\"meta\">(<abbr class=\"ext\" title=\"extension\">pdf<\/abbr>\u00a03,3 MB )<\/span><\/a>\/<\/li>\n<li class=\"document-entry\">\u00a0<a class=\"document document-pdf fa\" title=\"Descargar Recogida zona rural\" href=\"https:\/\/www.oviedo.es\/documents\/25041\/2233961\/Recogida+Zona+Rural\/e6bfaa1d-5e3f-44fa-9222-80fea30e43e1\">\u00a0<span class=\"title\">Recogida zona rural<\/span>\u00a0<span class=\"meta\">(<abbr class=\"ext\" title=\"extension\">pdf<\/abbr>\u00a02,2 MB )<\/span><\/a>\/<\/li>\n<li class=\"document-entry\"><a class=\"document document-pdf fa\" title=\"Descargar Grandes productores de materia org\u00e1nica\" href=\"https:\/\/www.oviedo.es\/documents\/25041\/2233961\/Grandes+productores+de+materia+org%C3%A1nica\/6a088744-2676-442f-b145-c668ba65adef\">\u00a0<span class=\"title\">Grandes productores de materia org\u00e1nica<\/span>\u00a0<span class=\"meta\">(<abbr class=\"ext\" title=\"extension\">pdf<\/abbr>\u00a02,6 MB )<\/span><\/a><\/li>\n<\/ul>\n<p>Deposita cada borrafa nel cubu que-y correspuende los d\u00edes establec\u00edos<\/p>\n<p>Dende&#8217;l pas\u00e1u 1 de xunu de 2024 tola zona urbana del Conceyu d&#8217;Uvi\u00e9u sufri\u00f3 unu camb\u00e9u de les frecuencies de la recoyida de la materia org\u00e1nico y de magar, la recoyida del cubu marr\u00f3n, onde se depositen los restos de comida y otres refugayes org\u00e1niques, real\u00edzase de manera diaria los siete d\u00edes de la selmana, domingos incluy\u00edos, ente que la recoyida del cubu negru, onde se depositen los restos de refugayes non reciclaxes, recu\u00e9yese 4 d\u00edes a la selmana, correspondiendo les mesmes zones qu&#8217;hasta&#8217;l 1 de xunu recoy\u00eda&#8217;l cubu marr\u00f3n y los domingos en tola ciud\u00e1.<\/p>\n<p>La recoyida del restu de cubos, esto ye, cubu azul para&#8217;l papel-cart\u00f3n, cubu mariellu para los envases, cubu verde para&#8217;l vidriu caltien los mesmos d\u00edes qu&#8217;hasta agora. Te animamos a que collabores col reciclaje dende&#8217;l to llar, d&#8217;esta manera, vas tar contribuyendo a la sostenibilid\u00e1 del planeta y xenerando una meyor calid\u00e1 de vida para toos.<\/p>\n<\/div>\n<\/div>\n<div dir=\"auto\" style=\"text-align: center\"><a href=\"https:\/\/www.oviedo.es\/documents\/25041\/336877\/banner+web+ayto+generico.jpg\/fac40e0b-62b5-4eb6-a673-a25587410d57?t=1728641622693\"><img loading=\"lazy\" decoding=\"async\" class=\"aligncenter size-large\" src=\"https:\/\/www.oviedo.es\/documents\/25041\/336877\/banner+web+ayto+generico.jpg\/fac40e0b-62b5-4eb6-a673-a25587410d57?t=1728641622693\" width=\"4167\" height=\"715\" \/><\/a><\/div>\n<\/div>\n<\/div>\n<\/div>\n<\/div>\n<\/div>\n<\/div>\n<\/div>\n<\/div>\n<div id=\"yui_patched_v3_11_0_1_1762005503782_532\" class=\"layout-level-1 row-fluid\">\n<div id=\"yui_patched_v3_11_0_1_1762005503782_531\" class=\"span6\">\n<h3 id=\"yui_patched_v3_11_0_1_1762005503782_530\" class=\"border\"><span class=\"count\">01<\/span>\u00a0<a id=\"yui_patched_v3_11_0_1_1762005503782_529\" class=\"link-level-1\" title=\"Ir a Residuos Org\u00e1nicos\" href=\"https:\/\/www.oviedo.es\/recogidadebasura\/organica\">Residuos Org\u00e1nicos<\/a><\/h3>\n<\/div>\n<\/div>\n<div class=\"layout-level-1 row-fluid\">\n<div class=\"span6\">\n<h3 class=\"border\"><span class=\"count\">02<\/span>\u00a0<a class=\"link-level-1\" title=\"Ir a Pl\u00e1stico, metal y brik\" href=\"https:\/\/www.oviedo.es\/recogidadebasura\/amarillo\">Pl\u00e1stico, metal y brik<\/a><\/h3>\n<\/div>\n<\/div>\n<div class=\"layout-level-1 row-fluid\">\n<div class=\"span6\">\n<h3 class=\"border\"><span class=\"count\">03<\/span>\u00a0<a class=\"link-level-1\" title=\"Ir a Papel y cart\u00f3n\" href=\"https:\/\/www.oviedo.es\/recogidadebasura\/azul\">Papel y cart\u00f3n<\/a><\/h3>\n<\/div>\n<\/div>\n<div class=\"layout-level-1 row-fluid\">\n<div class=\"span6\">\n<h3 class=\"border\"><span class=\"count\">04<\/span>\u00a0<a class=\"link-level-1\" title=\"Ir a Vidrio\" href=\"https:\/\/www.oviedo.es\/recogidadebasura\/verde\">Vidrio<\/a><\/h3>\n<\/div>\n<\/div>\n<div class=\"layout-level-1 row-fluid\">\n<div class=\"span6\">\n<h3 class=\"border\"><span class=\"count\">05<\/span>\u00a0<a class=\"link-level-1\" title=\"Ir a Resto no reciclable\" href=\"https:\/\/www.oviedo.es\/recogidadebasura\/resto\">Resto no reciclable<\/a><\/h3>\n<\/div>\n<\/div>\n<div class=\"layout-level-1 row-fluid\">\n<div class=\"span6\">\n<h3 class=\"border\"><span class=\"count\">06<\/span>\u00a0<a class=\"link-level-1\" title=\"Ir a Recogida residuos zona rural\" href=\"https:\/\/www.oviedo.es\/recogidadebasura\/zonarural\">Recogida residuos zona rural<\/a><\/h3>\n<\/div>\n<\/div>\n<div class=\"layout-level-1 row-fluid\">\n<div class=\"span6\">\n<h3 class=\"border\"><span class=\"count\">07<\/span>\u00a0<a class=\"link-level-1\" title=\"Ir a Muebles y enseres\" href=\"https:\/\/www.oviedo.es\/recogidadebasura\/muebles\">Muebles y enseres<\/a><\/h3>\n<\/div>\n<\/div>\n<div class=\"layout-level-1 row-fluid\">\n<div class=\"span6\">\n<h3 class=\"border\"><span class=\"count\">08<\/span>\u00a0<a class=\"link-level-1\" title=\"Ir a Aceite dom\u00e9stico\" href=\"https:\/\/www.oviedo.es\/recogidadebasura\/aceite-domestico\">Aceite dom\u00e9stico<\/a><\/h3>\n<\/div>\n<\/div>\n<div class=\"layout-level-1 row-fluid\">\n<div class=\"span6\">\n<h3 class=\"border\"><span class=\"count\">09<\/span>\u00a0<a class=\"link-level-1\" title=\"Ir a Ropa y calzado usado\" href=\"https:\/\/www.oviedo.es\/recogidadebasura\/ropaycalzado\">Ropa y calzado usado<\/a><\/h3>\n<\/div>\n<\/div>\n<div class=\"layout-level-1 row-fluid\">\n<div class=\"span6\">\n<h3 class=\"border\"><span class=\"count\">10<\/span>\u00a0<a class=\"link-level-1\" title=\"Ir a Recogida de vidrio para hosteler\u00eda\" href=\"https:\/\/www.oviedo.es\/recogidadebasura\/vidrio-hosteleria\">Recogida de vidrio para hosteler\u00eda<\/a><\/h3>\n<\/div>\n<\/div>\n<div class=\"layout-level-1 row-fluid\">\n<div class=\"span6\">\n<h3 class=\"border\"><span class=\"count\">11<\/span>\u00a0<a class=\"link-level-1\" title=\"Ir a Establecimientos comerciales, grandes productores de materia org\u00e1nica\" href=\"https:\/\/www.oviedo.es\/recogidadebasura\/granproductormateriaorganica\">Establecimientos comerciales, grandes productores de materia org\u00e1nica<\/a><\/h3>\n<\/div>\n<\/div>\n<div class=\"layout-level-1 row-fluid\">\n<div class=\"span6\">\n<h3 class=\"border\"><span class=\"count\">12<\/span>\u00a0<a class=\"link-level-1\" title=\"Ir a Recogida de cart\u00f3n comercial\" href=\"https:\/\/www.oviedo.es\/serviciosbasicos\/recogidabasuras\/recogida-de-carton-comercial\">Recogida de cart\u00f3n comercial<\/a><\/h3>\n<\/div>\n<\/div>\n<div class=\"layout-level-1 row-fluid\">\n<div class=\"span6\">\n<h3 class=\"border\"><span class=\"count\">13<\/span>\u00a0<a class=\"link-level-1\" title=\"Ir a Punto Limpio\" href=\"https:\/\/www.oviedo.es\/recogidadebasura\/puntolimpio\">Punto Limpio<\/a><\/h3>\n<\/div>\n<\/div>\n<div class=\"layout-level-1 row-fluid\">\n<div class=\"span6\">\n<h3 class=\"border\"><span class=\"count\">14<\/span>\u00a0<a class=\"link-level-1\" title=\"Ir a Contenedores soterrados\" href=\"https:\/\/www.oviedo.es\/recogidadebasura\/contenedores-soterrados\">Contenedores soterrados<\/a><\/h3>\n<\/div>\n<p style=\"text-align: center\">\n<!-- iframe plugin v.6.0 wordpress.org\/plugins\/iframe\/ -->\n<iframe loading=\"lazy\" src=\"https:\/\/www.facebook.com\/plugins\/post.php?href=https%3A%2F%2Fwww.facebook.com%2FMovilidadAsturias%2Fposts%2Fpfbid02n78UwmVkEzUHCFGuxbE3kinkDhk8SdtXhAwd9JXuCtRDMVjKG6x9PCVvcxJ3ZHJPl&#038;show_text=false&#038;width=500\" width=\"500\" height=\"498\" style=\"border:none;overflow:hidden\" scrolling=\"no\" frameborder=\"0\" allowfullscreen=\"true\" allow=\"autoplay; clipboard-write; encrypted-media; picture-in-picture; web-share\" 0=\"\/iframe\" class=\"iframe-class\"><\/iframe>\n<\/p>\n<\/div>\n","protected":false},"excerpt":{"rendered":"<p>Mu\u00e9vete por reciclar meyor y participa nos xuegos. Ven y entra nel sort\u00e9u d&#8217;una fin de selmana d&#8217;ecoturismo para dos persones nel hotel Puebloastur en Picos d&#8217;Europa. \u00a1Te esperamos de 12 h a 20h! https:\/\/www.oviedo.es\/serviciosbasicos\/recogidabasuras<\/p>\n","protected":false},"author":117,"featured_media":0,"comment_status":"closed","ping_status":"open","sticky":false,"template":"","format":"standard","meta":{"footnotes":""},"categories":[180,33],"tags":[],"class_list":["post-60920","post","type-post","status-publish","format-standard","hentry","category-reciclaxe","category-uvieu"],"_links":{"self":[{"href":"https:\/\/edublog.educastur.es\/ixuxu\/wp-json\/wp\/v2\/posts\/60920","targetHints":{"allow":["GET"]}}],"collection":[{"href":"https:\/\/edublog.educastur.es\/ixuxu\/wp-json\/wp\/v2\/posts"}],"about":[{"href":"https:\/\/edublog.educastur.es\/ixuxu\/wp-json\/wp\/v2\/types\/post"}],"author":[{"embeddable":true,"href":"https:\/\/edublog.educastur.es\/ixuxu\/wp-json\/wp\/v2\/users\/117"}],"replies":[{"embeddable":true,"href":"https:\/\/edublog.educastur.es\/ixuxu\/wp-json\/wp\/v2\/comments?post=60920"}],"version-history":[{"count":5,"href":"https:\/\/edublog.educastur.es\/ixuxu\/wp-json\/wp\/v2\/posts\/60920\/revisions"}],"predecessor-version":[{"id":60944,"href":"https:\/\/edublog.educastur.es\/ixuxu\/wp-json\/wp\/v2\/posts\/60920\/revisions\/60944"}],"wp:attachment":[{"href":"https:\/\/edublog.educastur.es\/ixuxu\/wp-json\/wp\/v2\/media?parent=60920"}],"wp:term":[{"taxonomy":"category","embeddable":true,"href":"https:\/\/edublog.educastur.es\/ixuxu\/wp-json\/wp\/v2\/categories?post=60920"},{"taxonomy":"post_tag","embeddable":true,"href":"https:\/\/edublog.educastur.es\/ixuxu\/wp-json\/wp\/v2\/tags?post=60920"}],"curies":[{"name":"wp","href":"https:\/\/api.w.org\/{rel}","templated":true}]}}