{"id":60955,"date":"2025-10-11T09:00:01","date_gmt":"2025-10-11T07:00:01","guid":{"rendered":"https:\/\/edublog.educastur.es\/ixuxu\/?p=60955"},"modified":"2025-11-01T17:07:38","modified_gmt":"2025-11-01T15:07:38","slug":"dia-internacional-de-la-nena-2","status":"publish","type":"post","link":"https:\/\/edublog.educastur.es\/ixuxu\/2025\/10\/dia-internacional-de-la-nena-2\/","title":{"rendered":"D\u00eda Internacional de la ne\u00f1a"},"content":{"rendered":"<p style=\"text-align: center\"><span style=\"font-size: 32px;color: #800080\"><strong><em>Les ne\u00f1es tienen de tener<\/em><\/strong><\/span><br \/>\n<span style=\"font-size: 32px;color: #800080\"><strong><em> la llibert\u00e1 de ser quien son, <\/em><\/strong><\/span><br \/>\n<span style=\"font-size: 32px;color: #800080\"><strong><em>pero tami\u00e9n la oportunid\u00e1 <\/em><\/strong><\/span><br \/>\n<span style=\"font-size: 32px;color: #800080\"><strong><em>de ser lo que quieran.<\/em><\/strong><\/span><br \/>\nMarie Wilson<\/p>\n<p style=\"text-align: center\">\n<!-- iframe plugin v.6.0 wordpress.org\/plugins\/iframe\/ -->\n<iframe loading=\"lazy\" src=\"https:\/\/www.facebook.com\/plugins\/post.php?href=https%3A%2F%2Fwww.facebook.com%2Fphoto.php%3Ffbid%3D1378864100270685%26set%3Da.766577404832694%26type%3D3&#038;show_text=false&#038;width=500\" width=\"500\" height=\"753\" style=\"border:none;overflow:hidden\" scrolling=\"no\" frameborder=\"0\" allowfullscreen=\"true\" allow=\"autoplay; clipboard-write; encrypted-media; picture-in-picture; web-share\" 0=\"\/iframe\" class=\"iframe-class\"><\/iframe>\n<\/p>\n","protected":false},"excerpt":{"rendered":"<p>Les ne\u00f1es tienen de tener la llibert\u00e1 de ser quien son, pero tami\u00e9n la oportunid\u00e1 de ser lo que quieran. Marie Wilson<\/p>\n","protected":false},"author":117,"featured_media":0,"comment_status":"closed","ping_status":"open","sticky":false,"template":"","format":"standard","meta":{"footnotes":""},"categories":[6],"tags":[],"class_list":["post-60955","post","type-post","status-publish","format-standard","hentry","category-dia-de"],"_links":{"self":[{"href":"https:\/\/edublog.educastur.es\/ixuxu\/wp-json\/wp\/v2\/posts\/60955","targetHints":{"allow":["GET"]}}],"collection":[{"href":"https:\/\/edublog.educastur.es\/ixuxu\/wp-json\/wp\/v2\/posts"}],"about":[{"href":"https:\/\/edublog.educastur.es\/ixuxu\/wp-json\/wp\/v2\/types\/post"}],"author":[{"embeddable":true,"href":"https:\/\/edublog.educastur.es\/ixuxu\/wp-json\/wp\/v2\/users\/117"}],"replies":[{"embeddable":true,"href":"https:\/\/edublog.educastur.es\/ixuxu\/wp-json\/wp\/v2\/comments?post=60955"}],"version-history":[{"count":2,"href":"https:\/\/edublog.educastur.es\/ixuxu\/wp-json\/wp\/v2\/posts\/60955\/revisions"}],"predecessor-version":[{"id":60957,"href":"https:\/\/edublog.educastur.es\/ixuxu\/wp-json\/wp\/v2\/posts\/60955\/revisions\/60957"}],"wp:attachment":[{"href":"https:\/\/edublog.educastur.es\/ixuxu\/wp-json\/wp\/v2\/media?parent=60955"}],"wp:term":[{"taxonomy":"category","embeddable":true,"href":"https:\/\/edublog.educastur.es\/ixuxu\/wp-json\/wp\/v2\/categories?post=60955"},{"taxonomy":"post_tag","embeddable":true,"href":"https:\/\/edublog.educastur.es\/ixuxu\/wp-json\/wp\/v2\/tags?post=60955"}],"curies":[{"name":"wp","href":"https:\/\/api.w.org\/{rel}","templated":true}]}}