{"id":60965,"date":"2025-11-02T15:31:58","date_gmt":"2025-11-02T13:31:58","guid":{"rendered":"https:\/\/edublog.educastur.es\/ixuxu\/?p=60965"},"modified":"2025-11-02T15:37:32","modified_gmt":"2025-11-02T13:37:32","slug":"la-collecha-de-miel-certificao-nasturies-podria-amenorgase-anguano-en-mas-dun-25","status":"publish","type":"post","link":"https:\/\/edublog.educastur.es\/ixuxu\/2025\/11\/la-collecha-de-miel-certificao-nasturies-podria-amenorgase-anguano-en-mas-dun-25\/","title":{"rendered":"La collecha de miel certificao n&#8217;Asturies podr\u00eda amenorgase angua\u00f1o en m\u00e1s d&#8217;un 25%"},"content":{"rendered":"<p style=\"text-align: center\"><a href=\"https:\/\/www.rtpa.es\/fotos\/\/25\/11\/20251101203442_RTPA7298912.webp\"><img loading=\"lazy\" decoding=\"async\" class=\"aligncenter size-large\" src=\"https:\/\/www.rtpa.es\/fotos\/\/25\/11\/20251101203442_RTPA7298912.webp\" width=\"853\" height=\"480\" \/><\/a><\/p>\n<p>La collecha de miel certificao n&#8217;Asturies podr\u00eda amenorgase angua\u00f1o en m\u00e1s d&#8217;un 25%. <a href=\"https:\/\/www.rtpa.es\/noticias-asturias\/2025-11-01\/La-cosecha-de-miel-certificada-en-Asturias-podria-reducirse-este-a\u00f1o-en-mas-de-un-25_111762025403.html\">TPA <\/a>Los productores apunten al clima y a la mayor presencia de velutina. Hasta final d&#8217;a\u00f1u la IGP del miel d&#8217;Asturies nun va tener los datos zarraos, pero la campa\u00f1a de recoyida d&#8217;esti productu nun ta siendo tolo bona que s&#8217;esperaba.<\/p>\n<p><!--more--><\/p>\n<p>L&#8217;a\u00f1u pas\u00e1u llogr\u00e1ronse casi 100.000 quilos de miel ecol\u00f3xico. Cr\u00e9ese qu&#8217;angua\u00f1o va haber un 25% menos qu&#8217;en 2024, deb\u00edu principalmente a dos cuestiones. Per un sitiu, los productores apunten a la cuesti\u00f3n clim\u00e1tica, con una primavera lluviosa y un branu calorosu y por otra, la proliferaci\u00f3n de la velutina.<\/p>\n<p>Una situaci\u00f3n que se constata en Bual na so feria del miel, que cumple 38 a\u00f1os de vida. Barganal d&#8217;una ventena d&#8217;espositores d&#8217;Asturies, Galicia y Castillella y Lli\u00f3n apuesten por un productu que caltien precios. El quilu mu\u00e9vese ente los 10 y 13 euros.<\/p>\n<p style=\"text-align: center\"><a href=\"https:\/\/actualidad.asturias.es\/documents\/537115\/2898280\/2025_11_01+consejero+festival+chosco+5.jpeg\/e84b6a10-2ef4-f47e-d909-4a622c990d52?t=1762002307128\"><img loading=\"lazy\" decoding=\"async\" class=\"aligncenter size-large\" src=\"https:\/\/actualidad.asturias.es\/documents\/537115\/2898280\/2025_11_01+consejero+festival+chosco+5.jpeg\/e84b6a10-2ef4-f47e-d909-4a622c990d52?t=1762002307128\" width=\"4032\" height=\"3024\" \/><\/a><\/p>\n","protected":false},"excerpt":{"rendered":"<p>La collecha de miel certificao n&#8217;Asturies podr\u00eda amenorgase angua\u00f1o en m\u00e1s d&#8217;un 25%. TPA Los productores apunten al clima y a la mayor presencia de velutina. Hasta final d&#8217;a\u00f1u la IGP del miel d&#8217;Asturies nun va tener los datos zarraos, pero la campa\u00f1a de recoyida d&#8217;esti productu nun ta siendo tolo bona que s&#8217;esperaba.<\/p>\n","protected":false},"author":117,"featured_media":0,"comment_status":"closed","ping_status":"open","sticky":false,"template":"","format":"standard","meta":{"footnotes":""},"categories":[390],"tags":[],"class_list":["post-60965","post","type-post","status-publish","format-standard","hentry","category-miel"],"_links":{"self":[{"href":"https:\/\/edublog.educastur.es\/ixuxu\/wp-json\/wp\/v2\/posts\/60965","targetHints":{"allow":["GET"]}}],"collection":[{"href":"https:\/\/edublog.educastur.es\/ixuxu\/wp-json\/wp\/v2\/posts"}],"about":[{"href":"https:\/\/edublog.educastur.es\/ixuxu\/wp-json\/wp\/v2\/types\/post"}],"author":[{"embeddable":true,"href":"https:\/\/edublog.educastur.es\/ixuxu\/wp-json\/wp\/v2\/users\/117"}],"replies":[{"embeddable":true,"href":"https:\/\/edublog.educastur.es\/ixuxu\/wp-json\/wp\/v2\/comments?post=60965"}],"version-history":[{"count":2,"href":"https:\/\/edublog.educastur.es\/ixuxu\/wp-json\/wp\/v2\/posts\/60965\/revisions"}],"predecessor-version":[{"id":60972,"href":"https:\/\/edublog.educastur.es\/ixuxu\/wp-json\/wp\/v2\/posts\/60965\/revisions\/60972"}],"wp:attachment":[{"href":"https:\/\/edublog.educastur.es\/ixuxu\/wp-json\/wp\/v2\/media?parent=60965"}],"wp:term":[{"taxonomy":"category","embeddable":true,"href":"https:\/\/edublog.educastur.es\/ixuxu\/wp-json\/wp\/v2\/categories?post=60965"},{"taxonomy":"post_tag","embeddable":true,"href":"https:\/\/edublog.educastur.es\/ixuxu\/wp-json\/wp\/v2\/tags?post=60965"}],"curies":[{"name":"wp","href":"https:\/\/api.w.org\/{rel}","templated":true}]}}