{"id":60967,"date":"2025-11-02T15:33:43","date_gmt":"2025-11-02T13:33:43","guid":{"rendered":"https:\/\/edublog.educastur.es\/ixuxu\/?p=60967"},"modified":"2025-11-02T15:37:04","modified_gmt":"2025-11-02T13:37:04","slug":"la-produccion-de-choscu-de-tineu-bate-recor-en-2024-con-74-500-kilos-con-ixp","status":"publish","type":"post","link":"https:\/\/edublog.educastur.es\/ixuxu\/2025\/11\/la-produccion-de-choscu-de-tineu-bate-recor-en-2024-con-74-500-kilos-con-ixp\/","title":{"rendered":"La producci\u00f3n de choscu de Tin\u00e9u bate r\u00e9cor en 2024 con 74.500 kilos con IXP"},"content":{"rendered":"<p><a href=\"https:\/\/www.rtpa.es\/noticias-asturias-ast\/2025-11-01\/La-produccion-de-choscu-de-Tineu-bate-recor-en-2024-con-74.500-kilos-con-IXP_111762003431.html\">TPA<\/a> \/ <a href=\"https:\/\/actualidad.asturias.es\/-\/la-producci\u00f3n-de-chosco-de-tineo-bate-un-r\u00e9cord-al-superar-en-2024-el-mill\u00f3n-de-kilos-con-indicaci\u00f3n-geogr\u00e1fica-protegida?redirect=%2F\">Actualid\u00e1<\/a><\/p>\n<p style=\"text-align: center\"><a href=\"https:\/\/www.rtpa.es\/fotos\/\/25\/11\/20251101142534_RTPA7295009.webp\"><img loading=\"lazy\" decoding=\"async\" class=\"aligncenter size-large\" src=\"https:\/\/www.rtpa.es\/fotos\/\/25\/11\/20251101142534_RTPA7295009.webp\" width=\"853\" height=\"480\" \/><\/a><\/p>\n<p>Marcelino Marcos visita&#8217;l <strong>XXIV Festival del Choscu y VIII Festival de la G\u00fcerta de Tin\u00e9u<\/strong>. La producci\u00f3n de choscu de Tin\u00e9u bati\u00f3 un r\u00e9cor l\u2019a\u00f1u pas\u00e1u, al algamar los 74.492 kilos con indicaci\u00f3n xeogr\u00e1fica protexida (IXP), seg\u00fan inform\u00f3 esti s\u00e1badu\u2019l conseyeru de Mediu Rural y Pol\u00edtica Agraria, Marcelino Marcos.<\/p>\n<p>Na so visita al Festival valor\u00f3\u2019l sofitu que se da dende\u2019l so departamentu a los conseyos reguladores de los alimentos favorec\u00edos por marques de calid\u00e1. Nel casu de la IXP Choscu de Tin\u00e9u, l\u2019ayuda medr\u00f3 nesta llexislatura un 36%, hasta algamar esti a\u00f1u los 56.840 euros pal control, la certificaci\u00f3n y la promoci\u00f3n del embut\u00edu.<\/p>\n<p>&nbsp;<\/p>\n<p><!--more--><\/p>\n<p>&nbsp;<\/p>\n<p style=\"text-align: center\"><a href=\"https:\/\/actualidad.asturias.es\/documents\/537115\/2898280\/2025_11_01+consejero+festival+chosco+7.jpeg\/62ade0bc-5db5-92f0-7797-635c8abd1368?t=1762002307272\"><img loading=\"lazy\" decoding=\"async\" class=\"aligncenter size-large\" src=\"https:\/\/actualidad.asturias.es\/documents\/537115\/2898280\/2025_11_01+consejero+festival+chosco+7.jpeg\/62ade0bc-5db5-92f0-7797-635c8abd1368?t=1762002307272\" width=\"4032\" height=\"3024\" \/><\/a><\/p>\n<p style=\"text-align: center\"><a href=\"https:\/\/actualidad.asturias.es\/documents\/537115\/2898280\/2025_11_01+consejero+festival+chosco+1.jpeg\/a6f32674-7ac0-0859-b08a-7b551655587e?t=1761995483143\"><img loading=\"lazy\" decoding=\"async\" class=\"aligncenter size-large\" src=\"https:\/\/actualidad.asturias.es\/documents\/537115\/2898280\/2025_11_01+consejero+festival+chosco+1.jpeg\/a6f32674-7ac0-0859-b08a-7b551655587e?t=1761995483143\" width=\"4032\" height=\"3024\" \/><\/a><\/p>\n","protected":false},"excerpt":{"rendered":"<p>TPA \/ Actualid\u00e1 Marcelino Marcos visita&#8217;l XXIV Festival del Choscu y VIII Festival de la G\u00fcerta de Tin\u00e9u. La producci\u00f3n de choscu de Tin\u00e9u bati\u00f3 un r\u00e9cor l\u2019a\u00f1u pas\u00e1u, al algamar los 74.492 kilos con indicaci\u00f3n xeogr\u00e1fica protexida (IXP), seg\u00fan inform\u00f3 esti s\u00e1badu\u2019l conseyeru de Mediu Rural y Pol\u00edtica Agraria, Marcelino Marcos. Na so visita [&hellip;]<\/p>\n","protected":false},"author":117,"featured_media":0,"comment_status":"closed","ping_status":"open","sticky":false,"template":"","format":"standard","meta":{"footnotes":""},"categories":[138,204],"tags":[],"class_list":["post-60967","post","type-post","status-publish","format-standard","hentry","category-alimentos","category-festivales"],"_links":{"self":[{"href":"https:\/\/edublog.educastur.es\/ixuxu\/wp-json\/wp\/v2\/posts\/60967","targetHints":{"allow":["GET"]}}],"collection":[{"href":"https:\/\/edublog.educastur.es\/ixuxu\/wp-json\/wp\/v2\/posts"}],"about":[{"href":"https:\/\/edublog.educastur.es\/ixuxu\/wp-json\/wp\/v2\/types\/post"}],"author":[{"embeddable":true,"href":"https:\/\/edublog.educastur.es\/ixuxu\/wp-json\/wp\/v2\/users\/117"}],"replies":[{"embeddable":true,"href":"https:\/\/edublog.educastur.es\/ixuxu\/wp-json\/wp\/v2\/comments?post=60967"}],"version-history":[{"count":3,"href":"https:\/\/edublog.educastur.es\/ixuxu\/wp-json\/wp\/v2\/posts\/60967\/revisions"}],"predecessor-version":[{"id":60971,"href":"https:\/\/edublog.educastur.es\/ixuxu\/wp-json\/wp\/v2\/posts\/60967\/revisions\/60971"}],"wp:attachment":[{"href":"https:\/\/edublog.educastur.es\/ixuxu\/wp-json\/wp\/v2\/media?parent=60967"}],"wp:term":[{"taxonomy":"category","embeddable":true,"href":"https:\/\/edublog.educastur.es\/ixuxu\/wp-json\/wp\/v2\/categories?post=60967"},{"taxonomy":"post_tag","embeddable":true,"href":"https:\/\/edublog.educastur.es\/ixuxu\/wp-json\/wp\/v2\/tags?post=60967"}],"curies":[{"name":"wp","href":"https:\/\/api.w.org\/{rel}","templated":true}]}}