{"id":60975,"date":"2025-11-02T08:30:15","date_gmt":"2025-11-02T06:30:15","guid":{"rendered":"https:\/\/edublog.educastur.es\/ixuxu\/?p=60975"},"modified":"2025-11-02T15:42:16","modified_gmt":"2025-11-02T13:42:16","slug":"el-tiempu-el-comercio-176","status":"publish","type":"post","link":"https:\/\/edublog.educastur.es\/ixuxu\/2025\/11\/el-tiempu-el-comercio-176\/","title":{"rendered":"El tiempu (El Comercio)"},"content":{"rendered":"<p style=\"text-align: center\"><a href=\"https:\/\/s3.ppllstatics.com\/elcomercio\/www\/multimedia\/2025\/11\/01\/tiempo-asturias-domingo-2-noviembre-kNeB-U2302588077118HVD-1200x870@El%20Comercio.jpg\"><img loading=\"lazy\" decoding=\"async\" class=\"aligncenter size-large\" src=\"https:\/\/s3.ppllstatics.com\/elcomercio\/www\/multimedia\/2025\/11\/01\/tiempo-asturias-domingo-2-noviembre-kNeB-U2302588077118HVD-1200x870@El%20Comercio.jpg\" width=\"1200\" height=\"870\" \/><\/a><\/p>\n<p>Esti domingu vamos tener l&#8217;aire fr\u00edo n&#8217;altor que se ta retirando y les altes presiones fortaleci\u00e9ndose na Pen\u00ednsula mientres el d\u00eda. Ye por ello polo qu&#8217;esperamos meyor tiempu anque, como vamos ver, ent\u00e1 va haber cierta probabilid\u00e1 d&#8217;ag\u00fces d\u00e9biles. <strong>Vamos amanecer<\/strong> con cielos pocu nublos o, a lo sumo, con nubes altes que van dexar los cielos atapec\u00edos. <strong>A partir del mediud\u00eda<\/strong> y primeres hores de la tarde nun se refuga un aumentu de la nubosid\u00e1 que podr\u00eda dexar dellos orbayos esvalixaos na rex\u00f3n pero que, comoquier, van unviar r\u00e1pido para dar pasu a un restu de la tarde y nueche con menos nubes. Ello ye que esp\u00e9rase que los cielos tean estenaos a la fin del d\u00eda.<strong> Los vientos<\/strong> van predominar de suroeste-oeste con posibles raches moderaes nes zones m\u00e1s espuestes. <strong>Les temperatures<\/strong> nun van esperimentar cambeos importantes pero, asina tou, van tender a baxar bien llixeramente tanto nel casu de les m\u00e1ximes como nel de les m\u00ednimes.<\/p>\n<p><!--more--><\/p>\n<p><strong>El llunes<\/strong> vamos empezar la selmana con total estabilid\u00e1 dende primer hasta \u00faltima hora del d\u00eda. Los cielos van tar poco nublos o estenos. Les temperatures m\u00e1ximes van xubir notablemente nel suroccidente, de forma moderada nel cordal y llixera nel restu. Les m\u00ednimes ent\u00e1 podr\u00eden siguir baxando un poco m\u00e1s. Bon tiempu tami\u00e9n para&#8217;l martes con un nuevu ascensu de les temperatures m\u00e1ximes.<\/p>\n","protected":false},"excerpt":{"rendered":"<p>Esti domingu vamos tener l&#8217;aire fr\u00edo n&#8217;altor que se ta retirando y les altes presiones fortaleci\u00e9ndose na Pen\u00ednsula mientres el d\u00eda. Ye por ello polo qu&#8217;esperamos meyor tiempu anque, como vamos ver, ent\u00e1 va haber cierta probabilid\u00e1 d&#8217;ag\u00fces d\u00e9biles. Vamos amanecer con cielos pocu nublos o, a lo sumo, con nubes altes que van dexar [&hellip;]<\/p>\n","protected":false},"author":117,"featured_media":0,"comment_status":"closed","ping_status":"open","sticky":false,"template":"","format":"standard","meta":{"footnotes":""},"categories":[5],"tags":[],"class_list":["post-60975","post","type-post","status-publish","format-standard","hentry","category-tiempu"],"_links":{"self":[{"href":"https:\/\/edublog.educastur.es\/ixuxu\/wp-json\/wp\/v2\/posts\/60975","targetHints":{"allow":["GET"]}}],"collection":[{"href":"https:\/\/edublog.educastur.es\/ixuxu\/wp-json\/wp\/v2\/posts"}],"about":[{"href":"https:\/\/edublog.educastur.es\/ixuxu\/wp-json\/wp\/v2\/types\/post"}],"author":[{"embeddable":true,"href":"https:\/\/edublog.educastur.es\/ixuxu\/wp-json\/wp\/v2\/users\/117"}],"replies":[{"embeddable":true,"href":"https:\/\/edublog.educastur.es\/ixuxu\/wp-json\/wp\/v2\/comments?post=60975"}],"version-history":[{"count":3,"href":"https:\/\/edublog.educastur.es\/ixuxu\/wp-json\/wp\/v2\/posts\/60975\/revisions"}],"predecessor-version":[{"id":60978,"href":"https:\/\/edublog.educastur.es\/ixuxu\/wp-json\/wp\/v2\/posts\/60975\/revisions\/60978"}],"wp:attachment":[{"href":"https:\/\/edublog.educastur.es\/ixuxu\/wp-json\/wp\/v2\/media?parent=60975"}],"wp:term":[{"taxonomy":"category","embeddable":true,"href":"https:\/\/edublog.educastur.es\/ixuxu\/wp-json\/wp\/v2\/categories?post=60975"},{"taxonomy":"post_tag","embeddable":true,"href":"https:\/\/edublog.educastur.es\/ixuxu\/wp-json\/wp\/v2\/tags?post=60975"}],"curies":[{"name":"wp","href":"https:\/\/api.w.org\/{rel}","templated":true}]}}