{"id":60982,"date":"2025-11-02T15:45:47","date_gmt":"2025-11-02T13:45:47","guid":{"rendered":"https:\/\/edublog.educastur.es\/ixuxu\/?p=60982"},"modified":"2025-11-02T15:49:36","modified_gmt":"2025-11-02T13:49:36","slug":"60982","status":"publish","type":"post","link":"https:\/\/edublog.educastur.es\/ixuxu\/2025\/11\/60982\/","title":{"rendered":"Encuesta calidable de vida de los asturianos"},"content":{"rendered":"<p style=\"text-align: center\"><a href=\"https:\/\/img.lavdg.com\/sc\/VF9qto5L3JUaSq-sUslWvHGoj8c=\/768x\/2025\/10\/31\/00121761912383717281346\/Foto\/indic.jpg\"><img loading=\"lazy\" decoding=\"async\" class=\"aligncenter size-large\" src=\"https:\/\/img.lavdg.com\/sc\/VF9qto5L3JUaSq-sUslWvHGoj8c=\/768x\/2025\/10\/31\/00121761912383717281346\/Foto\/indic.jpg\" width=\"768\" height=\"432\" \/><\/a><\/p>\n<p><a href=\"https:\/\/www.lavozdeasturias.es\/noticia\/asturias\/2025\/10\/31\/calidad-vida-asturianos-sienten-seguros-ven-amigos\/00031761912399091555564.htm\">La Voz<\/a> \/ Encuesta calidable de vida:<strong> los asturianos si\u00e9ntense seguros pero ven pocu a los sos amigos.<\/strong> Siete de cada diez asturianos valoren positivamente la so vida actual, anque la frecuencia de la felicid\u00e1 ye la m\u00e1s baxa del pa\u00eds. Asturies sigue siendo una de les comunidaes onde se vive meyor. Asina lo reflexen los \u00faltimos datos del Indicador Multidimensional calidable de Vida del Institutu Nacional d&#8217;Estad\u00edstica (INE), qu&#8217;asitien al Princip\u00e1u nel s\u00e9ptimu puestu nacional.<\/p>\n<p><!--more--><\/p>\n<p><strong>Los asturianos si\u00e9ntense seguros \u2014un 43 % diz salir \u00abbien sele\u00bb pela nueche\u2014, valoren positivamente&#8217;l so sal\u00fa y la so redolada, y son de los espa\u00f1oles m\u00e1s satisfechos cola so econom\u00eda dom\u00e9stica.<\/strong> Sicas\u00ed, tami\u00e9n reconocen que cada vez s&#8217;axunten menos con amigos o familiares y que non toos lleguen c\u00f3modamente con cuenta de mes.<\/p>\n<p>L&#8217;informe, public\u00e1u esti vienres, confirma qu&#8217;Asturies caltien la so bona posici\u00f3n relativa, anque pierde un puestu al respective de 2023. La so puntuaci\u00f3n ameyora llixeramente, pasando de 102,76 a 102,90 puntos, pero Baleares adelantrase y mu\u00e9vese del sestu al s\u00e9ptimu llugar. Na clasificaci\u00f3n xeneral, la comunid\u00e1 asitiase por detr\u00e1s de Navarra, La Rioxa, Pa\u00eds Vascu, Cantabria, Arag\u00f3n y Baleares.<\/p>\n<p><strong>L&#8217;INE valora factores como&#8217;l trabayu, la sal\u00fa, la educaci\u00f3n, la segurid\u00e1 o la redolada natural.<\/strong> Nel casu asturianu, la resultancia dibuxa un perfil equilibr\u00e1u: una alta calid\u00e1 de vida sostenida por bonos indicadores sanitarios, educativos y medioambientales, anque con dellos puntos d\u00e9biles n&#8217;empl\u00e9u y ociu.<\/p>\n<p><strong>Altu prestu econ\u00f3micu y estabilid\u00e1 llaboral<\/strong><\/p>\n<p>Asturies at\u00f3pase ente les rexones onde los ciudadanos amuesen m\u00e1s prestu cola so situaci\u00f3n econ\u00f3mica. La renta media algama los 22.774 euros y la renta mediana, que reflexa meyor la realid\u00e1 de la mayor\u00eda, ye de 20.978 euros.<\/p>\n<p>Les dificultaes pa llegar con cuenta de mes amenorgaren nos \u00faltimos a\u00f1os, especialmente na categor\u00eda de quien declaren tener \u00abcierta dificult\u00e1\u00bb. Sicas\u00ed, el porcentaxe de persones qu&#8217;afirmen tener \u00abdificult\u00e1 o muncha dificult\u00e1\u00bb caltiense estable en redol al 7%. Am\u00e1s, un 28 % de los asturianos reconoz que tendr\u00eda problemes pa encarar gastos imprevistos.<\/p>\n<p>El merc\u00e1u llaboral amuesa signos de meyora. La tasa de paru ye un 10 % m\u00e1s baxa que na Gran Recesi\u00f3n de 2008, anque&#8217;l 18 % de la poblaci\u00f3n considera que percibe salarios baxos. De los datos del INE espr\u00e9ndese qu&#8217;hai xuna ll\u00ednea que traza&#8217;l Ebro: al este del r\u00edu los sueldos son m\u00e1s altos y la percepci\u00f3n salarial, m\u00e1s positiva.<\/p>\n<p><strong>Sal\u00fa y educaci\u00f3n, dos de les grandes pilastres del bienestar<\/strong><\/p>\n<p>El Princip\u00e1u lidera la inversi\u00f3n en sanid\u00e1 per habitante, lo que contrib\u00fai a un altu prestu cola atenci\u00f3n m\u00e9dica. Seg\u00fan l&#8217;INE, el 53 % de los asturianos considera qu&#8217;el so sal\u00fa ye \u00abbona\u00bb y el 11 % \u00abbien bona\u00bb, ente les cifres m\u00e1s altes del pa\u00eds.<\/p>\n<p>El nivel educativu ye otru de los puntos fuertes: cuatro de cada diez asturianos d&#8217;ente 16 y 64 a\u00f1os tienen estudios cimeros, xuna de les tases m\u00e1s elevaes d&#8217;Espa\u00f1a.<\/p>\n<p><strong>Ociu y relaciones sociales: prestu col tiempu, pero menos alcuentros<\/strong><\/p>\n<p>El prestu mediu col tiempu disponible pa faer lo qu&#8217;a \u00fan -y gusta algama un 6,7 sobro 10, xuna valoraci\u00f3n alta al respective de la mayor\u00eda de comunidaes. Sicas\u00ed, la frecuencia de les xuntes con amigos, familiares o compa\u00f1eros mengu\u00f3 de forma notable. N&#8217;Asturies, como en tol pa\u00eds, la vida social amenorg\u00f3se, y munchos ciudadanos reconocen que pasen menos tiempu cola so redolada cercana que fai xuna d\u00e9cada.<\/p>\n<p>Nel \u00e1mbitu de la segurid\u00e1, los datos son especialmente positivos: la tasa d&#8217;homicidios caltiense bien baxa y estable, anque aument\u00f3 llixeramente la criminalid\u00e1 xeneral. Magar ello, el 43 % de los asturianos afirma sentise bien seguro al salir pela nueche, xuna proporci\u00f3n cimera a la mayor\u00eda de les comunidaes.<\/p>\n<p><strong>Participaci\u00f3n y enfotu nes instituciones<\/strong><\/p>\n<p>Asturies as\u00edtiase tami\u00e9n ente les rexones con mayor implicaci\u00f3n pol\u00edtica, con una tasa de participaci\u00f3n del 7,6 %, solo por detr\u00e1s de Navarra y Pa\u00eds Vascu, con un 9 %. Sicas\u00ed, el Princip\u00e1u presenta una traza llamativa: xuna de les tases m\u00e1s altes de rocea escontra les instituciones y la xusticia.<\/p>\n<p>La redolada natural ye unu de los aspeutos meyor valoraos. Asturies figura ente les comunidaes con m\u00e1s facilidaes p&#8217;aportar a espacios verdes o naturales, y los ciudadanos punt\u00faen bien alto la so redolada inmediata. Sicas\u00ed, la concentraci\u00f3n de poblaci\u00f3n na \u00e1rea central xenera xuna paradoxa: un 15 % de los asturianos ta espuestu a contaminaci\u00f3n, la tasa m\u00e1s alta del pa\u00eds, per delantre de Madrid y Catalu\u00f1a, dambes con un 13 %.<\/p>\n<p>Aun as\u00ed, el prestu xeneral cola vida sigue siendo elevada. Un 70 % de los asturianos declara sentise satisfechu o bien satisfechu cola so vida actual, una cifra similar a la d&#8217;otres comunidaes del norte. Pero&#8217;l sentimientu de felicid\u00e1 frecuente ye menor: solo un 63 % diz sentir \u00abfelicid\u00e1 bien de cutiu\u00bb nes postreres cuatro selmanes, el porcentaxe m\u00e1s baxu d&#8217;Espa\u00f1a.<\/p>\n","protected":false},"excerpt":{"rendered":"<p>La Voz \/ Encuesta calidable de vida: los asturianos si\u00e9ntense seguros pero ven pocu a los sos amigos. Siete de cada diez asturianos valoren positivamente la so vida actual, anque la frecuencia de la felicid\u00e1 ye la m\u00e1s baxa del pa\u00eds. Asturies sigue siendo una de les comunidaes onde se vive meyor. Asina lo reflexen [&hellip;]<\/p>\n","protected":false},"author":117,"featured_media":0,"comment_status":"closed","ping_status":"open","sticky":false,"template":"","format":"standard","meta":{"footnotes":""},"categories":[342,1],"tags":[],"class_list":["post-60982","post","type-post","status-publish","format-standard","hentry","category-encuestes","category-sin-categoria"],"_links":{"self":[{"href":"https:\/\/edublog.educastur.es\/ixuxu\/wp-json\/wp\/v2\/posts\/60982","targetHints":{"allow":["GET"]}}],"collection":[{"href":"https:\/\/edublog.educastur.es\/ixuxu\/wp-json\/wp\/v2\/posts"}],"about":[{"href":"https:\/\/edublog.educastur.es\/ixuxu\/wp-json\/wp\/v2\/types\/post"}],"author":[{"embeddable":true,"href":"https:\/\/edublog.educastur.es\/ixuxu\/wp-json\/wp\/v2\/users\/117"}],"replies":[{"embeddable":true,"href":"https:\/\/edublog.educastur.es\/ixuxu\/wp-json\/wp\/v2\/comments?post=60982"}],"version-history":[{"count":3,"href":"https:\/\/edublog.educastur.es\/ixuxu\/wp-json\/wp\/v2\/posts\/60982\/revisions"}],"predecessor-version":[{"id":60985,"href":"https:\/\/edublog.educastur.es\/ixuxu\/wp-json\/wp\/v2\/posts\/60982\/revisions\/60985"}],"wp:attachment":[{"href":"https:\/\/edublog.educastur.es\/ixuxu\/wp-json\/wp\/v2\/media?parent=60982"}],"wp:term":[{"taxonomy":"category","embeddable":true,"href":"https:\/\/edublog.educastur.es\/ixuxu\/wp-json\/wp\/v2\/categories?post=60982"},{"taxonomy":"post_tag","embeddable":true,"href":"https:\/\/edublog.educastur.es\/ixuxu\/wp-json\/wp\/v2\/tags?post=60982"}],"curies":[{"name":"wp","href":"https:\/\/api.w.org\/{rel}","templated":true}]}}