{"id":60987,"date":"2025-11-03T08:32:12","date_gmt":"2025-11-03T06:32:12","guid":{"rendered":"https:\/\/edublog.educastur.es\/ixuxu\/?p=60987"},"modified":"2025-11-03T17:35:31","modified_gmt":"2025-11-03T15:35:31","slug":"el-tiempu-el-comercio-177","status":"publish","type":"post","link":"https:\/\/edublog.educastur.es\/ixuxu\/2025\/11\/el-tiempu-el-comercio-177\/","title":{"rendered":"El tiempu (El Comercio)"},"content":{"rendered":"<p style=\"text-align: center\"><a href=\"https:\/\/s2.ppllstatics.com\/elcomercio\/www\/multimedia\/2025\/11\/02\/tiempo-asturias-lunes-3-noviembre-kq2D-U2302588077118HVD-1200x870@El%20Comercio.jpg\"><img loading=\"lazy\" decoding=\"async\" class=\"aligncenter size-large\" src=\"https:\/\/s2.ppllstatics.com\/elcomercio\/www\/multimedia\/2025\/11\/02\/tiempo-asturias-lunes-3-noviembre-kq2D-U2302588077118HVD-1200x870@El%20Comercio.jpg\" width=\"1200\" height=\"870\" \/><\/a><\/p>\n<p>Empezamos la selmana con altes presiones. Pero mientres estos pr\u00f3ximos d\u00edes l&#8217;anticicl\u00f3n dir\u00e1 retir\u00e1ndose escontra&#8217;l centru del continente europ\u00e9u, dexando asina la llegada d&#8217;una umbada que nos afectar\u00e1 primero, con vientos de sur y temperatures prestoses; y depu\u00e9s, con precipitaciones y un descensu t\u00e9rmicu. Enagora, <strong>esti llunes<\/strong> vamos esfrutar de bon tiempu en tol Princip\u00e1u d&#8217;Asturies dende primer hasta \u00faltima hora del d\u00eda. <strong>Los cielos<\/strong> van tar pocu nublos o estenos con, a lo sumo, la presencia por momentos de dellos intervalos de nubes altes insignificantes. <strong>Los vientos<\/strong> van ser fluexos y variables, predominando de sur nel cordal y de componente este na mari\u00f1a a partir del mediud\u00eda. <strong>Les temperatures m\u00e1ximes<\/strong> van xubir de forma notable nel suroccidente asturianu, de forma moderada nel cordal y van caltenese ensin cambeos importantes al respective de esti domingu nel restu de la rex\u00f3n. Tocantes a <strong>les temperatures m\u00ednimes<\/strong>, van baxar na met\u00e1 occidental y nun van sufrir variaciones n&#8217;a l&#8217;oriental.<\/p>\n<p><!--more--><\/p>\n<p>El martes tami\u00e9n se preve bon tiempu anque con un mayor protagonismu de les nubes. Los vientos van soplar de componente sur con raches moderaes y, inclusive, localmente fuertes nel cordal. Les temperatures m\u00e1ximes van xubir na met\u00e1 norte y les m\u00ednimes tami\u00e9n en tola Comunid\u00e1 Aut\u00f3noma.<\/p>\n","protected":false},"excerpt":{"rendered":"<p>Empezamos la selmana con altes presiones. Pero mientres estos pr\u00f3ximos d\u00edes l&#8217;anticicl\u00f3n dir\u00e1 retir\u00e1ndose escontra&#8217;l centru del continente europ\u00e9u, dexando asina la llegada d&#8217;una umbada que nos afectar\u00e1 primero, con vientos de sur y temperatures prestoses; y depu\u00e9s, con precipitaciones y un descensu t\u00e9rmicu. Enagora, esti llunes vamos esfrutar de bon tiempu en tol Princip\u00e1u [&hellip;]<\/p>\n","protected":false},"author":117,"featured_media":0,"comment_status":"closed","ping_status":"open","sticky":false,"template":"","format":"standard","meta":{"footnotes":""},"categories":[5],"tags":[],"class_list":["post-60987","post","type-post","status-publish","format-standard","hentry","category-tiempu"],"_links":{"self":[{"href":"https:\/\/edublog.educastur.es\/ixuxu\/wp-json\/wp\/v2\/posts\/60987","targetHints":{"allow":["GET"]}}],"collection":[{"href":"https:\/\/edublog.educastur.es\/ixuxu\/wp-json\/wp\/v2\/posts"}],"about":[{"href":"https:\/\/edublog.educastur.es\/ixuxu\/wp-json\/wp\/v2\/types\/post"}],"author":[{"embeddable":true,"href":"https:\/\/edublog.educastur.es\/ixuxu\/wp-json\/wp\/v2\/users\/117"}],"replies":[{"embeddable":true,"href":"https:\/\/edublog.educastur.es\/ixuxu\/wp-json\/wp\/v2\/comments?post=60987"}],"version-history":[{"count":1,"href":"https:\/\/edublog.educastur.es\/ixuxu\/wp-json\/wp\/v2\/posts\/60987\/revisions"}],"predecessor-version":[{"id":60988,"href":"https:\/\/edublog.educastur.es\/ixuxu\/wp-json\/wp\/v2\/posts\/60987\/revisions\/60988"}],"wp:attachment":[{"href":"https:\/\/edublog.educastur.es\/ixuxu\/wp-json\/wp\/v2\/media?parent=60987"}],"wp:term":[{"taxonomy":"category","embeddable":true,"href":"https:\/\/edublog.educastur.es\/ixuxu\/wp-json\/wp\/v2\/categories?post=60987"},{"taxonomy":"post_tag","embeddable":true,"href":"https:\/\/edublog.educastur.es\/ixuxu\/wp-json\/wp\/v2\/tags?post=60987"}],"curies":[{"name":"wp","href":"https:\/\/api.w.org\/{rel}","templated":true}]}}