{"id":60989,"date":"2025-11-03T09:00:05","date_gmt":"2025-11-03T07:00:05","guid":{"rendered":"https:\/\/edublog.educastur.es\/ixuxu\/?p=60989"},"modified":"2025-12-09T22:31:51","modified_gmt":"2025-12-09T20:31:51","slug":"dia-internacional-de-les-reserves-de-la-biosfera-2","status":"publish","type":"post","link":"https:\/\/edublog.educastur.es\/ixuxu\/2025\/11\/dia-internacional-de-les-reserves-de-la-biosfera-2\/","title":{"rendered":"D\u00eda Internacional de les Reserves de la Biosfera"},"content":{"rendered":"<p style=\"text-align: center\"><span class=\"x193iq5w xeuugli x13faqbe x1vvkbs xt0psk2 x1i0vuye xvs91rp xo1l8bm x5n08af x10wh9bi xpm28yp x8viiok x1o7cslx x126k92a\"><span class=\"html-span xexx8yu x4uap5 x18d9i69 xkhd6sd x1hl2dhg x16tdsg8 x1vvkbs x3nfvp2 x1j61x8r x1fcty0u xdj266r xat24cr xgzva0m xhhsvwb xxymvpz xlup9mm x1kky2od\">\n<!-- iframe plugin v.6.0 wordpress.org\/plugins\/iframe\/ -->\n<iframe loading=\"lazy\" src=\"https:\/\/www.instagram.com\/reel\/DQlq2x7DBag\/embed\" width=\"500\" height=\"645\" 0=\"\/iframe\" scrolling=\"yes\" class=\"iframe-class\" frameborder=\"0\"><\/iframe>\n<\/span><\/span><\/p>\n<div class=\"xt0psk2\">\n<p>Les Reserves de la Biosfera formen una rede mundial de 785 sitios en 142 pa\u00edses, onde viven y trabayen casi 300 millones de persones. Reconoc\u00edes por UNESCO, tomen dende ecosistemes marinos y costeros hasta grandes cordales. <a href=\"https:\/\/www.instagram.com\/p\/DQmeDAECQB5\/\">VIDEU<\/a> \/<\/p>\n<ul>\n<li class=\"_ap3a _aaco _aacu _aacx _aad7 _aade\" dir=\"auto\"><a class=\"x1i10hfl xjbqb8w x1ejq31n x18oe1m7 x1sy0etr xstzfhl x972fbf x10w94by x1qhh985 x14e42zd x9f619 x1ypdohk xt0psk2 x3ct3a4 xdj266r x14z9mp xat24cr x1lziwak xexx8yu xyri2b x18d9i69 x1c1uobl x16tdsg8 x1hl2dhg xggy1nq x1a2a7pz notranslate _a6hd\" role=\"link\" href=\"https:\/\/www.instagram.com\/UNESCO\/\">@UNESCO<\/a>\/<a class=\"x1i10hfl xjbqb8w x1ejq31n x18oe1m7 x1sy0etr xstzfhl x972fbf x10w94by x1qhh985 x14e42zd x9f619 x1ypdohk xt0psk2 x3ct3a4 xdj266r x14z9mp xat24cr x1lziwak xexx8yu xyri2b x18d9i69 x1c1uobl x16tdsg8 x1hl2dhg xggy1nq x1a2a7pz _aa9_ _a6hd\" role=\"link\" href=\"https:\/\/www.instagram.com\/explore\/tags\/d%C3%ADadelasreservasdelabiosfera\/\">#D\u00edaDeLasReservasDeLaBiosfera<\/a><\/li>\n<\/ul>\n<p><span style=\"color: #008080\"><strong>Asturies tien casi&#8217;l 1% de toles Reserves de la Biosfera del planeta<\/strong><\/span>. Esta proporci\u00f3n ye tan significativa que nun ye d&#8217;estra\u00f1ar qu&#8217;Asturies represente&#8217;l Para\u00edsu Natural por excelencia, con un notable n\u00famberu de parques naturales y un parque nacional. <a href=\"https:\/\/www.turismoasturias.es\/es\/naturaleza\/reservas-de-la-biosfera\">Turismu Asturies<\/a> \/ <a href=\"https:\/\/naturalezadeasturias.es\/espacios\/accede\/reservas-biosfera\/\">Naturaleza d&#8217;Asturies<\/a> \/<\/p>\n<p><!--more--><\/p>\n<p>Les reserves de la biosfera son \u00e1rees designaes y xestionaes coles mires de promover el caltenimientu de la biodiversid\u00e1 y el desenvolvimientu sostenible. Estes reserves son reconoc\u00edes internacionalmente y formen parte del <strong><span style=\"color: #008080\">Programa sobro l&#8217;Home y la Biosfera MAB de la UNESCO<\/span> <\/strong>(Organizaci\u00f3n de les Naciones Xun\u00edes pa la Educaci\u00f3n, la Ciencia y la Cultura).<\/p>\n<p style=\"text-align: center\"><a href=\"https:\/\/naturalezadeasturias.es\/img\/accede\/mab_ok.png\"><img loading=\"lazy\" decoding=\"async\" class=\"aligncenter size-large\" src=\"https:\/\/naturalezadeasturias.es\/img\/accede\/mab_ok.png\" width=\"250\" height=\"250\" \/><\/a><\/p>\n<\/div>\n<p>L&#8217;oxetivu principal d&#8217;una reserva de la biosfera ye llograr un equilibriu ente&#8217;l caltenimientu de la biodiversid\u00e1, el desenvolvimientu sostenible y el bienestar de les comunidaes locales. Estos sitios funcionen como llaboratorios vivos pa la investigaci\u00f3n cient\u00edfica, la educaci\u00f3n ambiental y la promoci\u00f3n de pr\u00e1ctiques sostenibles.<\/p>\n<p>Ye importante destacar que cada reserva de la biosfera ye \u00fanica y afaise a les caracter\u00edstiques espec\u00edfiques de la so redolada, considerando factores como la xeograf\u00eda, la flora y fauna, seg\u00fan les actividaes humanes presentes na rex\u00f3n.<\/p>\n<p>Un percorr\u00edu detall\u00e1u poles <span style=\"color: #008080\"><strong>7 Reserves de la Biosfera d&#8217;Asturies<\/strong> <\/span>ye un viaxe en constante comuni\u00f3n colo natural que siempres resulta refrescante, saludable y gratificante.<\/p>\n<p>El Parque Nacional de los Picos d&#8217;Europa, el Parque Natural de Somiedu, el Parque Natural de Redes, el Parque Natural de les Fontes del Narcea, Dega\u00f1a y Ibias, la Reserva de la Biosfera R\u00edo Eo, Ozcos y Terras de Bur\u00f3n, el Parque Natural de les Ubi\u00f1as-La Mesa, y el Parque Natural de Ponga son los siete espacios que componen la rede de les Reserves de la Biosfera nel Princip\u00e1u d&#8217;Asturies.<\/p>\n<div id=\"list-accede\" class=\"inner clearfix\">\n<ul>\n<li><a href=\"https:\/\/naturalezadeasturias.es\/espacios\/accede\/reservas-biosfera\/RB-muniellos.html\"> Muniellos<\/a><\/li>\n<li><a href=\"https:\/\/naturalezadeasturias.es\/espacios\/accede\/reservas-biosfera\/RB-oscos-eo.html\"> R\u00edo Eo, Oscos y Terras de Bur\u00f3n<\/a><\/li>\n<li><a href=\"https:\/\/parquenacionalpicoseuropa.es\" target=\"_blank\" rel=\"noopener\"> Picos de Europa<\/a><\/li>\n<li><a href=\"https:\/\/naturalezadeasturias.es\/espacios\/accede\/reservas-biosfera\/RB-ponga.html\"> Ponga<\/a><\/li>\n<li><a href=\"https:\/\/naturalezadeasturias.es\/espacios\/accede\/reservas-biosfera\/RB-redes.html\"> Redes<\/a><\/li>\n<li><a href=\"https:\/\/naturalezadeasturias.es\/espacios\/accede\/reservas-biosfera\/RB-somiedo.html\"> Somiedo<\/a><\/li>\n<li><a href=\"https:\/\/naturalezadeasturias.es\/espacios\/accede\/reservas-biosfera\/RB-ubinyas-la-mesa.html\"> Las Ubi\u00f1as-La Mesa<\/a><\/li>\n<\/ul>\n<p>Espa\u00f1a encabeza&#8217;l ranking mundial de Reserves de la Biosfera:<strong> 55 territorios reconoc\u00edos por UNESCO<\/strong> que compatibilicen caltenimientu de la biodiversid\u00e1 y desenvolvimientu socioecon\u00f3mico.<\/p>\n<p style=\"text-align: center\">\n<!-- iframe plugin v.6.0 wordpress.org\/plugins\/iframe\/ -->\n<iframe loading=\"lazy\" src=\"https:\/\/www.facebook.com\/plugins\/video.php?height=476&#038;href=https%3A%2F%2Fwww.facebook.com%2Freel%2F754870457573977%2F&#038;show_text=false&#038;width=476&#038;t=0\" width=\"476\" height=\"476\" style=\"border:none;overflow:hidden\" scrolling=\"no\" frameborder=\"0\" allowfullscreen=\"true\" allow=\"autoplay; clipboard-write; encrypted-media; picture-in-picture; web-share\" 0=\"\/iframe\" class=\"iframe-class\"><\/iframe>\n<\/p>\n<\/div>\n","protected":false},"excerpt":{"rendered":"<p>Les Reserves de la Biosfera formen una rede mundial de 785 sitios en 142 pa\u00edses, onde viven y trabayen casi 300 millones de persones. Reconoc\u00edes por UNESCO, tomen dende ecosistemes marinos y costeros hasta grandes cordales. VIDEU \/ @UNESCO\/#D\u00edaDeLasReservasDeLaBiosfera Asturies tien casi&#8217;l 1% de toles Reserves de la Biosfera del planeta. Esta proporci\u00f3n ye tan [&hellip;]<\/p>\n","protected":false},"author":117,"featured_media":0,"comment_status":"closed","ping_status":"open","sticky":false,"template":"","format":"standard","meta":{"footnotes":""},"categories":[6],"tags":[],"class_list":["post-60989","post","type-post","status-publish","format-standard","hentry","category-dia-de"],"_links":{"self":[{"href":"https:\/\/edublog.educastur.es\/ixuxu\/wp-json\/wp\/v2\/posts\/60989","targetHints":{"allow":["GET"]}}],"collection":[{"href":"https:\/\/edublog.educastur.es\/ixuxu\/wp-json\/wp\/v2\/posts"}],"about":[{"href":"https:\/\/edublog.educastur.es\/ixuxu\/wp-json\/wp\/v2\/types\/post"}],"author":[{"embeddable":true,"href":"https:\/\/edublog.educastur.es\/ixuxu\/wp-json\/wp\/v2\/users\/117"}],"replies":[{"embeddable":true,"href":"https:\/\/edublog.educastur.es\/ixuxu\/wp-json\/wp\/v2\/comments?post=60989"}],"version-history":[{"count":11,"href":"https:\/\/edublog.educastur.es\/ixuxu\/wp-json\/wp\/v2\/posts\/60989\/revisions"}],"predecessor-version":[{"id":63295,"href":"https:\/\/edublog.educastur.es\/ixuxu\/wp-json\/wp\/v2\/posts\/60989\/revisions\/63295"}],"wp:attachment":[{"href":"https:\/\/edublog.educastur.es\/ixuxu\/wp-json\/wp\/v2\/media?parent=60989"}],"wp:term":[{"taxonomy":"category","embeddable":true,"href":"https:\/\/edublog.educastur.es\/ixuxu\/wp-json\/wp\/v2\/categories?post=60989"},{"taxonomy":"post_tag","embeddable":true,"href":"https:\/\/edublog.educastur.es\/ixuxu\/wp-json\/wp\/v2\/tags?post=60989"}],"curies":[{"name":"wp","href":"https:\/\/api.w.org\/{rel}","templated":true}]}}