{"id":61000,"date":"2025-11-05T08:46:02","date_gmt":"2025-11-05T06:46:02","guid":{"rendered":"https:\/\/edublog.educastur.es\/ixuxu\/?p=61000"},"modified":"2025-11-05T11:13:24","modified_gmt":"2025-11-05T09:13:24","slug":"asturies-va-tar-esti-miercoles-nalerta-naranxa-por-vientos","status":"publish","type":"post","link":"https:\/\/edublog.educastur.es\/ixuxu\/2025\/11\/asturies-va-tar-esti-miercoles-nalerta-naranxa-por-vientos\/","title":{"rendered":"Asturies va tar esti mi\u00e9rcoles n&#8217;alerta naranxa por vientos"},"content":{"rendered":"<p>Asturies va tar esti mi\u00e9rcoles n&#8217;alerta naranxa por vientos d&#8217;hasta 110 kil\u00f3metru per hora. <a href=\"https:\/\/www.aemet.es\/es\/eltiempo\/prediccion\/avisos?k=ast\"><strong>L&#8217;Aemet<\/strong><\/a> alvierte de fuertes raches que van algamar al Cordal, los Picos y bona parte del Suroccidente de la rex\u00f3n. <strong><span class=\"css-1jxf684 r-bcqeeo r-1ttztb7 r-qvutc0 r-poiln3\">Avisos naranxa y mariello por raches m\u00e1ximas de viento. <\/span><\/strong><span class=\"css-1jxf684 r-bcqeeo r-1ttztb7 r-qvutc0 r-poiln3\"><span style=\"color: #008080\"><a style=\"color: #008080\" href=\"https:\/\/x.com\/AEMET_Asturias\/\">https:\/\/x.com\/AEMET_Asturias\/<\/a><\/span><\/span><\/p>\n<p style=\"text-align: center\"><a href=\"https:\/\/pbs.twimg.com\/media\/G41b56tWMAE2f9c?format=jpg&amp;name=medium\"><img loading=\"lazy\" decoding=\"async\" class=\"aligncenter size-large\" src=\"https:\/\/pbs.twimg.com\/media\/G41b56tWMAE2f9c?format=jpg&amp;name=medium\" width=\"1080\" height=\"259\" \/><\/a><a href=\"https:\/\/pbs.twimg.com\/media\/G40vaDLWsAAdMoe?format=jpg&amp;name=medium\"><img loading=\"lazy\" decoding=\"async\" class=\"aligncenter size-large\" src=\"https:\/\/pbs.twimg.com\/media\/G40vaDLWsAAdMoe?format=jpg&amp;name=medium\" width=\"952\" height=\"581\" \/><\/a><!--more--><\/p>\n<p>&nbsp;<\/p>\n<p style=\"text-align: center\"><a href=\"https:\/\/s2.ppllstatics.com\/elcomercio\/www\/multimedia\/2025\/11\/03\/autoproteccion1-Rc594WhtXOa7ETzEoyE9P0I-1200x840@El%20Comercio.jpg\"><img loading=\"lazy\" decoding=\"async\" class=\"aligncenter size-large\" src=\"https:\/\/s2.ppllstatics.com\/elcomercio\/www\/multimedia\/2025\/11\/03\/autoproteccion1-Rc594WhtXOa7ETzEoyE9P0I-1200x840@El%20Comercio.jpg\" width=\"1200\" height=\"840\" \/><\/a><\/p>\n<p>L&#8217;Axencia Estatal de Meteorolox\u00eda sollerta de la llegada d&#8217;un frente que va marcar l&#8217;entamu d&#8217;esta primer selmana de payares, cuando s&#8217;esperen precipitaciones que se van estender a la mayor parte de la Pen\u00ednsula&#8217;l mi\u00e9rcoles y xueves. Am\u00e1s, les temperatures van ser altes para la d\u00f3mina, con m\u00e1ximes de 23 graos en Xix\u00f3n el mi\u00e9rcoles, 22 n&#8217;Avil\u00e9s y 21 n&#8217;Uvi\u00e9u, anque se va producir un notable descensu a partir del xueves.<\/p>\n","protected":false},"excerpt":{"rendered":"<p>Asturies va tar esti mi\u00e9rcoles n&#8217;alerta naranxa por vientos d&#8217;hasta 110 kil\u00f3metru per hora. L&#8217;Aemet alvierte de fuertes raches que van algamar al Cordal, los Picos y bona parte del Suroccidente de la rex\u00f3n. Avisos naranxa y mariello por raches m\u00e1ximas de viento. https:\/\/x.com\/AEMET_Asturias\/<\/p>\n","protected":false},"author":117,"featured_media":0,"comment_status":"closed","ping_status":"open","sticky":false,"template":"","format":"standard","meta":{"footnotes":""},"categories":[5],"tags":[],"class_list":["post-61000","post","type-post","status-publish","format-standard","hentry","category-tiempu"],"_links":{"self":[{"href":"https:\/\/edublog.educastur.es\/ixuxu\/wp-json\/wp\/v2\/posts\/61000","targetHints":{"allow":["GET"]}}],"collection":[{"href":"https:\/\/edublog.educastur.es\/ixuxu\/wp-json\/wp\/v2\/posts"}],"about":[{"href":"https:\/\/edublog.educastur.es\/ixuxu\/wp-json\/wp\/v2\/types\/post"}],"author":[{"embeddable":true,"href":"https:\/\/edublog.educastur.es\/ixuxu\/wp-json\/wp\/v2\/users\/117"}],"replies":[{"embeddable":true,"href":"https:\/\/edublog.educastur.es\/ixuxu\/wp-json\/wp\/v2\/comments?post=61000"}],"version-history":[{"count":4,"href":"https:\/\/edublog.educastur.es\/ixuxu\/wp-json\/wp\/v2\/posts\/61000\/revisions"}],"predecessor-version":[{"id":61016,"href":"https:\/\/edublog.educastur.es\/ixuxu\/wp-json\/wp\/v2\/posts\/61000\/revisions\/61016"}],"wp:attachment":[{"href":"https:\/\/edublog.educastur.es\/ixuxu\/wp-json\/wp\/v2\/media?parent=61000"}],"wp:term":[{"taxonomy":"category","embeddable":true,"href":"https:\/\/edublog.educastur.es\/ixuxu\/wp-json\/wp\/v2\/categories?post=61000"},{"taxonomy":"post_tag","embeddable":true,"href":"https:\/\/edublog.educastur.es\/ixuxu\/wp-json\/wp\/v2\/tags?post=61000"}],"curies":[{"name":"wp","href":"https:\/\/api.w.org\/{rel}","templated":true}]}}