{"id":61026,"date":"2025-11-05T08:55:59","date_gmt":"2025-11-05T06:55:59","guid":{"rendered":"https:\/\/edublog.educastur.es\/ixuxu\/?p=61026"},"modified":"2025-11-05T11:23:41","modified_gmt":"2025-11-05T09:23:41","slug":"indiz-de-quemes-foretales-nasturies","status":"publish","type":"post","link":"https:\/\/edublog.educastur.es\/ixuxu\/2025\/11\/indiz-de-quemes-foretales-nasturies\/","title":{"rendered":"\u00cdndiz de quemes forestales n&#8217;Asturies"},"content":{"rendered":"<p style=\"text-align: center\"><a href=\"https:\/\/pbs.twimg.com\/media\/G458xyoX0AApAaz?format=png&amp;name=small\"><img loading=\"lazy\" decoding=\"async\" class=\"aligncenter size-large\" src=\"https:\/\/pbs.twimg.com\/media\/G458xyoX0AApAaz?format=png&amp;name=small\" width=\"565\" height=\"344\" \/><\/a><\/p>\n<p>El fueu vuelve poner n&#8217;alerta a Asturies. La rex\u00f3n suma nestos momentos siete quemes forestales activos y la previsi\u00f3n de fuertes vientos, con raches d&#8217;hasta 110 kil\u00f3metru per hora, llev\u00f3 al Princip\u00e1u a activar el Plan de Quemes Forestales (Infopa) en fase d&#8217;alerta.<\/p>\n<ul>\n<li><a href=\"https:\/\/x.com\/i\/status\/1985627672580346165\">Conseyos ante fuertes vientos<\/a> \/ <a href=\"https:\/\/x.com\/112asturias?lang=es\">https:\/\/x.com\/112asturias?lang=es<\/a><\/li>\n<li><a href=\"https:\/\/www.112asturias.es\/indice-incendios-asturias\">https:\/\/www.112asturias.es\/indice-incendios-asturias<\/a><\/li>\n<li><span class=\"css-1jxf684 r-bcqeeo r-1ttztb7 r-qvutc0 r-poiln3\">\u00a0Activ\u00e1u <\/span><span class=\"r-18u37iz\"><a class=\"css-1jxf684 r-bcqeeo r-1ttztb7 r-qvutc0 r-poiln3 r-1loqt21\" dir=\"ltr\" role=\"link\" href=\"https:\/\/x.com\/hashtag\/Infopa?src=hashtag_click\">#Infopa<\/a><\/span><span class=\"css-1jxf684 r-bcqeeo r-1ttztb7 r-qvutc0 r-poiln3\"> en FASE d&#8217;ALERTA. <\/span><span class=\"css-1jxf684 r-bcqeeo r-1ttztb7 r-qvutc0 r-poiln3\">\u00a0 <\/span><span class=\"css-1jxf684 r-bcqeeo r-1ttztb7 r-qvutc0 r-poiln3\">\u00a0<\/span><img loading=\"lazy\" decoding=\"async\" class=\"r-4qtqp9 r-dflpy8 r-k4bwe5 r-1kpi4qh r-pp5qcn r-h9hxbl\" src=\"https:\/\/abs-0.twimg.com\/emoji\/v2\/svg\/1f7e0.svg\" alt=\"\ud83d\udfe0\" width=\"21\" height=\"21\" \/> <span class=\"r-18u37iz\"><a class=\"css-1jxf684 r-bcqeeo r-1ttztb7 r-qvutc0 r-poiln3 r-1loqt21\" dir=\"ltr\" role=\"link\" href=\"https:\/\/x.com\/hashtag\/FMA?src=hashtag_click\">#FMA<\/a><\/span><span class=\"css-1jxf684 r-bcqeeo r-1ttztb7 r-qvutc0 r-poiln3\"> vientos d&#8217;<\/span><a class=\"css-1jxf684 r-bcqeeo r-1ttztb7 r-qvutc0 r-poiln3 r-1wvb978 r-1loqt21\" dir=\"ltr\" role=\"link\" href=\"https:\/\/x.com\/AEMET_Asturias\">@AEMET_Asturias <\/a><span class=\"css-1jxf684 r-bcqeeo r-1ttztb7 r-qvutc0 r-poiln3\">y con siete <\/span><span class=\"r-18u37iz\"><a class=\"css-1jxf684 r-bcqeeo r-1ttztb7 r-qvutc0 r-poiln3 r-1loqt21\" dir=\"ltr\" role=\"link\" href=\"https:\/\/x.com\/hashtag\/IIFF?src=hashtag_click\">#IIFF<\/a><\/span><span class=\"css-1jxf684 r-bcqeeo r-1ttztb7 r-qvutc0 r-poiln3\"> activos <\/span><a class=\"css-1jxf684 r-bcqeeo r-1ttztb7 r-qvutc0 r-poiln3 r-1wvb978 r-1loqt21\" dir=\"ltr\" role=\"link\" href=\"https:\/\/t.co\/wrZLlGqFSH\" target=\"_blank\" rel=\"noopener noreferrer nofollow\"><span class=\"css-1jxf684 r-bcqeeo r-1ttztb7 r-qvutc0 r-poiln3 r-qlhcfr r-19qo34d r-qvk6io r-orgf3d r-u8s1d\" aria-hidden=\"true\">https:\/\/<\/span>112asturias.es\/activada-fase-<span class=\"css-1jxf684 r-bcqeeo r-1ttztb7 r-qvutc0 r-poiln3 r-qlhcfr r-19qo34d r-qvk6io r-orgf3d r-u8s1d\" aria-hidden=\"true\">alerta-infopa_2<\/span><\/a><\/li>\n<\/ul>\n<div class=\"css-175oi2r r-zl2h9q\">\n<div class=\"css-175oi2r r-k4xj1c r-18u37iz r-1wtj0ep\">\n<div class=\"css-175oi2r r-1d09ksm r-18u37iz r-1wbh5a2\">\n<div class=\"css-175oi2r r-1wbh5a2 r-dnmrzs r-1ny4l3l\"><\/div>\n<\/div>\n<\/div>\n<\/div>\n<div class=\"css-175oi2r\">\n<p><!--more--><\/p>\n<p style=\"text-align: center\">\n<!-- iframe plugin v.6.0 wordpress.org\/plugins\/iframe\/ -->\n<iframe loading=\"lazy\" src=\"https:\/\/www.facebook.com\/plugins\/post.php?href=https%3A%2F%2Fwww.facebook.com%2Fphoto.php%3Ffbid%3D837423685340563%26set%3Da.140607301688875%26type%3D3&#038;show_text=false&#038;width=500\" width=\"500\" height=\"754\" style=\"border:none;overflow:hidden\" scrolling=\"no\" frameborder=\"0\" allowfullscreen=\"true\" allow=\"autoplay; clipboard-write; encrypted-media; picture-in-picture; web-share\" 0=\"\/iframe\" class=\"iframe-class\"><\/iframe>\n<\/p>\n<\/div>\n<p>&nbsp;<\/p>\n<div id=\"id__rww5f65yda\" class=\"css-175oi2r r-9aw3ui r-1s2bzr4\" aria-labelledby=\"id__xe2w1pfmzd id__oeyvewca9om\">\n<div class=\"css-175oi2r r-9aw3ui\">\n<div class=\"css-175oi2r\">\n<div class=\"css-175oi2r\">\n<div class=\"css-175oi2r r-1ets6dv r-1phboty r-rs99b7 r-1867qdf r-1udh08x r-o7ynqc r-6416eg r-1ny4l3l\">\n<div class=\"css-175oi2r\">\n<div class=\"css-175oi2r r-1pi2tsx\" data-testid=\"tweetPhoto\">\n<div class=\"css-175oi2r\">\n<div class=\"css-175oi2r r-1adg3ll r-1udh08x\"><\/div>\n<\/div>\n<\/div>\n<\/div>\n<\/div>\n<\/div>\n<\/div>\n<\/div>\n<\/div>\n","protected":false},"excerpt":{"rendered":"<p>El fueu vuelve poner n&#8217;alerta a Asturies. La rex\u00f3n suma nestos momentos siete quemes forestales activos y la previsi\u00f3n de fuertes vientos, con raches d&#8217;hasta 110 kil\u00f3metru per hora, llev\u00f3 al Princip\u00e1u a activar el Plan de Quemes Forestales (Infopa) en fase d&#8217;alerta. Conseyos ante fuertes vientos \/ https:\/\/x.com\/112asturias?lang=es https:\/\/www.112asturias.es\/indice-incendios-asturias \u00a0Activ\u00e1u #Infopa en FASE d&#8217;ALERTA. [&hellip;]<\/p>\n","protected":false},"author":117,"featured_media":0,"comment_status":"closed","ping_status":"open","sticky":false,"template":"","format":"standard","meta":{"footnotes":""},"categories":[287],"tags":[],"class_list":["post-61026","post","type-post","status-publish","format-standard","hentry","category-incendios"],"_links":{"self":[{"href":"https:\/\/edublog.educastur.es\/ixuxu\/wp-json\/wp\/v2\/posts\/61026","targetHints":{"allow":["GET"]}}],"collection":[{"href":"https:\/\/edublog.educastur.es\/ixuxu\/wp-json\/wp\/v2\/posts"}],"about":[{"href":"https:\/\/edublog.educastur.es\/ixuxu\/wp-json\/wp\/v2\/types\/post"}],"author":[{"embeddable":true,"href":"https:\/\/edublog.educastur.es\/ixuxu\/wp-json\/wp\/v2\/users\/117"}],"replies":[{"embeddable":true,"href":"https:\/\/edublog.educastur.es\/ixuxu\/wp-json\/wp\/v2\/comments?post=61026"}],"version-history":[{"count":5,"href":"https:\/\/edublog.educastur.es\/ixuxu\/wp-json\/wp\/v2\/posts\/61026\/revisions"}],"predecessor-version":[{"id":61031,"href":"https:\/\/edublog.educastur.es\/ixuxu\/wp-json\/wp\/v2\/posts\/61026\/revisions\/61031"}],"wp:attachment":[{"href":"https:\/\/edublog.educastur.es\/ixuxu\/wp-json\/wp\/v2\/media?parent=61026"}],"wp:term":[{"taxonomy":"category","embeddable":true,"href":"https:\/\/edublog.educastur.es\/ixuxu\/wp-json\/wp\/v2\/categories?post=61026"},{"taxonomy":"post_tag","embeddable":true,"href":"https:\/\/edublog.educastur.es\/ixuxu\/wp-json\/wp\/v2\/tags?post=61026"}],"curies":[{"name":"wp","href":"https:\/\/api.w.org\/{rel}","templated":true}]}}