{"id":61041,"date":"2025-11-05T09:30:03","date_gmt":"2025-11-05T07:30:03","guid":{"rendered":"https:\/\/edublog.educastur.es\/ixuxu\/?p=61041"},"modified":"2025-11-08T21:26:09","modified_gmt":"2025-11-08T19:26:09","slug":"v-selmana-de-la-ciencia-nel-serida-entel-11-y-19-de-payares","status":"publish","type":"post","link":"https:\/\/edublog.educastur.es\/ixuxu\/2025\/11\/v-selmana-de-la-ciencia-nel-serida-entel-11-y-19-de-payares\/","title":{"rendered":"V Selmana de la ciencia nel SERIDA, ente&#8217;l 11 y 19 de payares."},"content":{"rendered":"<p>El <a href=\"https:\/\/serida.asturias.es\/\">S<strong>ERIDA (Serviciu Rexonal de Investigaci\u00f3n y Desenvolvimientu Agroalimentario)<\/strong> <\/a>celebra una nueva edici\u00f3n la Selmana de la Ciencia, que va tener llugar ente&#8217;l 11 y 19 de payares.\u00a0 Los investigadores y t\u00e9cnicos del centru van ufiertar talleres y actividaes destinaos al alumn\u00e1u de Primaria, Secundaria, Bachiller y Ciclos Formativos. <a href=\"https:\/\/youtu.be\/1rwtkyf9sp0\">VIDEU Serida<\/a> \/<a href=\"https:\/\/actualidad.asturias.es\/-\/el-serida-impulsa-una-docena-de-proyectos-de-investigaci\u00f3n-y-desarrollo-tecnol\u00f3gico-para-modernizar-el-sector-agroalimentario-asturiano?redirect=%2Fnoticias\"> Actualid\u00e1<\/a> \/<\/p>\n<p style=\"text-align: center\"><a href=\"https:\/\/www.educastur.es\/documents\/34868\/40897\/2025-11-actividades-semana-ciencia-serida-1060.jpg\/656a6d9d-2265-d931-68d6-23eaaada9a70?t=1762190187880\"><img loading=\"lazy\" decoding=\"async\" class=\"aligncenter \" src=\"https:\/\/www.educastur.es\/documents\/34868\/40897\/2025-11-actividades-semana-ciencia-serida-1060.jpg\/656a6d9d-2265-d931-68d6-23eaaada9a70?t=1762190187880\" width=\"566\" height=\"707\" \/><\/a><!--more--><\/p>\n<p>L&#8217;alumn\u00e1u va tener la oportunid\u00e1 de conocer dellos trabayos en redol a la investigaci\u00f3n agroalimentaria, afayar la xen\u00e9tica vexetal, la biodiversid\u00e1, la mazana y la sidra, los vectores, los casta\u00f1ares, la calid\u00e1 de la carne y les nueves tecnolox\u00edes n&#8217;agricultura ganader\u00eda. <a href=\"https:\/\/serida.asturias.es\/-\/v-semana-de-la-ciencia-en-el-serida\" target=\"_blank\" rel=\"noopener\">Semana de la ciencia 2025<\/a>.<\/p>\n<p style=\"text-align: center\"><a href=\"https:\/\/serida.asturias.es\/documents\/99361\/104009\/Centro+de+Villaviciosa+desde+el+aire+2.jpg\/a58caa8c-728f-df93-61e1-651c5cb44757?t=1727267235145\"><img loading=\"lazy\" decoding=\"async\" class=\"aligncenter size-large\" src=\"https:\/\/serida.asturias.es\/documents\/99361\/104009\/Centro+de+Villaviciosa+desde+el+aire+2.jpg\/a58caa8c-728f-df93-61e1-651c5cb44757?t=1727267235145\" width=\"4256\" height=\"2832\" \/><\/a><\/p>\n<p>\u201cAsturies asiti\u00f3se a la vanguardia de la investigaci\u00f3n agroalimentaria gracies a la combinaci\u00f3n de conocencia cient\u00edfica, innovaci\u00f3n tecnol\u00f3xica y collaboraci\u00f3n p\u00fablicu-privada\u201d, destac\u00f3 S\u00e1nchez. Mientres la so intervenci\u00f3n, el conseyeru resalt\u00f3 tr\u00e9s grandes finxos llograos nel marcu del plan:<\/p>\n<ul>\n<li><strong>Sostenibilid\u00e1 y digitalizaci\u00f3n.<\/strong> Asturies avanz\u00f3 n&#8217;estratexes d&#8217;adaptaci\u00f3n de cultivos aut\u00f3ctonos al camb\u00e9u clim\u00e1ticu, na aplicaci\u00f3n de tecnolox\u00edes de ganader\u00eda de precisi\u00f3n y nel amenorgamientu d&#8217;emisiones de gases d&#8217;efectu invernaderu.<\/li>\n<li><strong>Aprovechamientu d&#8217;espacios mineros.<\/strong> Nel Centru d&#8217;Innovaci\u00f3n Carrio, n&#8217;una antigua bocamina del antiguu pozu mineru, desenvolvi\u00e9ronse cultivos so tierra de forma enerx\u00e9ticamente sostenible en galer\u00edes mineres abandonaes, reactivando zones en desusu.<\/li>\n<li><strong>Creaci\u00f3n d&#8217;una rede de granxes demostratives.<\/strong> Estes redolaes d&#8217;innovaci\u00f3n dexen validar tecnolox\u00edes en condiciones reales y aumentar el grau de maduror tecnol\u00f3xicu de proyectos empobinaos a optimizar el manexu de suelos, cultivos y fataos.<\/li>\n<\/ul>\n<p>\u201cEl trabayu realiz\u00e1u dende&#8217;l Serida y les empreses collaboradores ta xenerando nueves oportunidaes econ\u00f3miques, atrayendo talentu ya impulsando una agricultura m\u00e1s eficiente y respetuosa col mediu ambiente\u201d, afirm\u00f3&#8217;l titular de Ciencia.<\/p>\n<p><strong>Principales proyectos desenvueltos n&#8217;Asturies<\/strong><\/p>\n<p>Ente los llogros alcanzaos pol Serida nes distintes ll\u00ednees del plan Agroalnext destaquen los siguientes proyectos:<\/p>\n<ul>\n<li><strong>0 Emisiones.<\/strong> Ensayos en ganader\u00edes de lleche p&#8217;amenorgar gases d&#8217;efectu invernaderu por aciu pr\u00e1ctiques sostenibles de manexu y fertilizaci\u00f3n org\u00e1nica.<\/li>\n<li>Apple-Best. Rexistru de dos nueves variedaes de mazana asturiana de mesa y cuatro de sidra resistente a enfermedaes y con menor necesid\u00e1 de fr\u00edu, afeches al camb\u00e9u clim\u00e1ticu.<\/li>\n<li><strong>Transfer-Escanda.<\/strong> Recuperaci\u00f3n de variedaes tradicionales d&#8217;escanda (Blanquina, Azul y Roxa) y cesi\u00f3n de grana a asociaciones locales pal so cultivu comercial.<\/li>\n<li><strong>Berries<\/strong>. Renovaci\u00f3n de variedaes de frutos coloraos y meyora de la calid\u00e1 por aciu cubiertes y cultivos fuera del suelu.<\/li>\n<li><strong>Local-Corn.<\/strong> Revalorizaci\u00f3n de siete variedaes locales de ma\u00edz forrajero, m\u00e1s resilientes y fayadices p&#8217;agricultura ecol\u00f3xica.<\/li>\n<li><strong>Cultivos vexetales en galer\u00edes mineres.<\/strong> Nel antiguu Pozu Carrio (Llaviana) ensay\u00e1ronse con \u00e9situ cultivo de guisante l\u00e1grima, wasabi y salicornia, consolidando un modelu d&#8217;agricultura soterra\u00f1a sostenible.<\/li>\n<li><strong>Honey-Track<\/strong>. Implementaci\u00f3n de t\u00e9cniques d&#8217;espectroscop\u00eda NIR pa garantizar la *trazabilidad y autenticid\u00e1 del miel, combatiendo fraudes nel merc\u00e1u.<\/li>\n<li><strong>Vole-Track.<\/strong> Sistema de teledetecci\u00f3n avanzada pal siguimientu y control de topinos por aciu imaxes d&#8217;altu resolvimientu.<\/li>\n<li><strong>Soil-Divers.<\/strong> Proyectu de meyora de la sal\u00fa del suelu con lleguminoses. Cultiv\u00e1ronse cinco variedaes de fabones pa detectar les qu&#8217;ameyoren la fertilid\u00e1 del suelu, ente elles la Habanita, Yerry y Quijana.<\/li>\n<li><strong>Soil-Health.<\/strong> aplicaci\u00f3n de metagen\u00f3mica p&#8217;analizar l&#8217;impactu del manexu ecol\u00f3xicu frente al convencional.<\/li>\n<li><strong>Smart-Grazing.<\/strong> Implantaci\u00f3n de tecnolox\u00edes de llendo intelixente (collares LoRaWAN, GSM y vallaos virtuales) qu&#8217;optimicen la xesti\u00f3n ganadera y amenorguen costos.<\/li>\n<li><strong>Agrodata.<\/strong> Creaci\u00f3n d&#8217;un espaciu de datos compart\u00edu bas\u00e1u n&#8217;IoT ya intelixencia artificial p&#8217;ameyorar la sostenibilid\u00e1 y rentabilid\u00e1 del cultivu de mazana de sidra.<\/li>\n<\/ul>\n<p style=\"text-align: center\"><a href=\"https:\/\/actualidad.asturias.es\/documents\/537115\/2910518\/2025_11_07+Consejero+presentaci%C3%B3n+Agroalnext+1.jpeg\/e1619459-1d3e-d171-223e-7f81abfa1489?t=1762515310540\"><img loading=\"lazy\" decoding=\"async\" class=\"aligncenter size-large\" src=\"https:\/\/actualidad.asturias.es\/documents\/537115\/2910518\/2025_11_07+Consejero+presentaci%C3%B3n+Agroalnext+1.jpeg\/e1619459-1d3e-d171-223e-7f81abfa1489?t=1762515310540\" width=\"2048\" height=\"1536\" \/><\/a><\/p>\n","protected":false},"excerpt":{"rendered":"<p>El SERIDA (Serviciu Rexonal de Investigaci\u00f3n y Desenvolvimientu Agroalimentario) celebra una nueva edici\u00f3n la Selmana de la Ciencia, que va tener llugar ente&#8217;l 11 y 19 de payares.\u00a0 Los investigadores y t\u00e9cnicos del centru van ufiertar talleres y actividaes destinaos al alumn\u00e1u de Primaria, Secundaria, Bachiller y Ciclos Formativos. VIDEU Serida \/ Actualid\u00e1 \/<\/p>\n","protected":false},"author":117,"featured_media":0,"comment_status":"closed","ping_status":"open","sticky":false,"template":"","format":"standard","meta":{"footnotes":""},"categories":[45,144],"tags":[],"class_list":["post-61041","post","type-post","status-publish","format-standard","hentry","category-ciencia","category-semana-de"],"_links":{"self":[{"href":"https:\/\/edublog.educastur.es\/ixuxu\/wp-json\/wp\/v2\/posts\/61041","targetHints":{"allow":["GET"]}}],"collection":[{"href":"https:\/\/edublog.educastur.es\/ixuxu\/wp-json\/wp\/v2\/posts"}],"about":[{"href":"https:\/\/edublog.educastur.es\/ixuxu\/wp-json\/wp\/v2\/types\/post"}],"author":[{"embeddable":true,"href":"https:\/\/edublog.educastur.es\/ixuxu\/wp-json\/wp\/v2\/users\/117"}],"replies":[{"embeddable":true,"href":"https:\/\/edublog.educastur.es\/ixuxu\/wp-json\/wp\/v2\/comments?post=61041"}],"version-history":[{"count":4,"href":"https:\/\/edublog.educastur.es\/ixuxu\/wp-json\/wp\/v2\/posts\/61041\/revisions"}],"predecessor-version":[{"id":61194,"href":"https:\/\/edublog.educastur.es\/ixuxu\/wp-json\/wp\/v2\/posts\/61041\/revisions\/61194"}],"wp:attachment":[{"href":"https:\/\/edublog.educastur.es\/ixuxu\/wp-json\/wp\/v2\/media?parent=61041"}],"wp:term":[{"taxonomy":"category","embeddable":true,"href":"https:\/\/edublog.educastur.es\/ixuxu\/wp-json\/wp\/v2\/categories?post=61041"},{"taxonomy":"post_tag","embeddable":true,"href":"https:\/\/edublog.educastur.es\/ixuxu\/wp-json\/wp\/v2\/tags?post=61041"}],"curies":[{"name":"wp","href":"https:\/\/api.w.org\/{rel}","templated":true}]}}