{"id":61045,"date":"2025-11-05T07:50:03","date_gmt":"2025-11-05T05:50:03","guid":{"rendered":"https:\/\/edublog.educastur.es\/ixuxu\/?p=61045"},"modified":"2025-11-05T12:25:53","modified_gmt":"2025-11-05T10:25:53","slug":"la-lluna-llena-de-payares-la-superluna-mas-brillosa-del-anu","status":"publish","type":"post","link":"https:\/\/edublog.educastur.es\/ixuxu\/2025\/11\/la-lluna-llena-de-payares-la-superluna-mas-brillosa-del-anu\/","title":{"rendered":"La lluna llena de payares, la superluna m\u00e1s brillosa del a\u00f1u."},"content":{"rendered":"<p>La lluna llena de payares va ser tami\u00e9n la meyor superluna del a\u00f1u. La lluna llena de payares 2025 va averase a 356,980 kil\u00f3metros de la Tierra, polo que se va convertir na superluna m\u00e1s brillosa del a\u00f1u.<\/p>\n<p style=\"text-align: center\"><a href=\"https:\/\/media.es.wired.com\/photos\/6908f41a51a3ad160bbd97f7\/16:9\/w_1280,c_limit\/GettyImages-623662820.jpg\"><img loading=\"lazy\" decoding=\"async\" class=\"aligncenter size-large\" src=\"https:\/\/media.es.wired.com\/photos\/6908f41a51a3ad160bbd97f7\/16:9\/w_1280,c_limit\/GettyImages-623662820.jpg\" width=\"1280\" height=\"720\" \/><\/a><!--more--><\/p>\n<p>El cam\u00edn que sigue la Lluna alredor de la Tierra nun forma un c\u00edrculu esactu, sin\u00f3n una elipse. Por eso, cada 27 d\u00edes el sat\u00e9lite av\u00e9rase y all\u00f3\u00f1ase de manera natural respectu al planeta. Cuando la fase de lluna llena coincide col momentu de mayor acercamientu (perigeo), asocede una \u201csuperluna\u201d, y el discu llunar vese m\u00e1s grande y brillante qu&#8217;en cualesquier otra d\u00f3mina del a\u00f1u.<\/p>\n<p>Cada a\u00f1u la Lluna ufierta ente dos y cuatro superlunas. En 2025 destaca la de payares, porque mientres la fase de lluna enllena&#8217;l sat\u00e9lite va tar a 356,980 kil\u00f3metros de la Tierra, la distancia m\u00e1s curtia del a\u00f1u. En contraste, n&#8217;ochobre&#8217;l perigeo de la Lluna algam\u00f3 361,458 km, seg\u00fan el sitiu de rastrexu celeste Earth Sky.<\/p>\n<p>Diverses cultures antig\u00fces daben nome a les llunes llenes seg\u00fan los fen\u00f3menos propios de cada mes. Colonos europeos y pueblos nativoamericanos llamaben a la lluna llena de noviembre \u201cluna de castor\u201d, porque nesi mes los castores constr\u00fain los sos diques. Payares marcaba&#8217;l meyor momentu para cazalos y aprovechar les sos pieles antes del iviernu.<\/p>\n","protected":false},"excerpt":{"rendered":"<p>La lluna llena de payares va ser tami\u00e9n la meyor superluna del a\u00f1u. La lluna llena de payares 2025 va averase a 356,980 kil\u00f3metros de la Tierra, polo que se va convertir na superluna m\u00e1s brillosa del a\u00f1u.<\/p>\n","protected":false},"author":117,"featured_media":0,"comment_status":"closed","ping_status":"open","sticky":false,"template":"","format":"standard","meta":{"footnotes":""},"categories":[223],"tags":[],"class_list":["post-61045","post","type-post","status-publish","format-standard","hentry","category-astronomia"],"_links":{"self":[{"href":"https:\/\/edublog.educastur.es\/ixuxu\/wp-json\/wp\/v2\/posts\/61045","targetHints":{"allow":["GET"]}}],"collection":[{"href":"https:\/\/edublog.educastur.es\/ixuxu\/wp-json\/wp\/v2\/posts"}],"about":[{"href":"https:\/\/edublog.educastur.es\/ixuxu\/wp-json\/wp\/v2\/types\/post"}],"author":[{"embeddable":true,"href":"https:\/\/edublog.educastur.es\/ixuxu\/wp-json\/wp\/v2\/users\/117"}],"replies":[{"embeddable":true,"href":"https:\/\/edublog.educastur.es\/ixuxu\/wp-json\/wp\/v2\/comments?post=61045"}],"version-history":[{"count":2,"href":"https:\/\/edublog.educastur.es\/ixuxu\/wp-json\/wp\/v2\/posts\/61045\/revisions"}],"predecessor-version":[{"id":61047,"href":"https:\/\/edublog.educastur.es\/ixuxu\/wp-json\/wp\/v2\/posts\/61045\/revisions\/61047"}],"wp:attachment":[{"href":"https:\/\/edublog.educastur.es\/ixuxu\/wp-json\/wp\/v2\/media?parent=61045"}],"wp:term":[{"taxonomy":"category","embeddable":true,"href":"https:\/\/edublog.educastur.es\/ixuxu\/wp-json\/wp\/v2\/categories?post=61045"},{"taxonomy":"post_tag","embeddable":true,"href":"https:\/\/edublog.educastur.es\/ixuxu\/wp-json\/wp\/v2\/tags?post=61045"}],"curies":[{"name":"wp","href":"https:\/\/api.w.org\/{rel}","templated":true}]}}