{"id":61052,"date":"2025-11-05T09:00:23","date_gmt":"2025-11-05T07:00:23","guid":{"rendered":"https:\/\/edublog.educastur.es\/ixuxu\/?p=61052"},"modified":"2025-11-05T12:37:33","modified_gmt":"2025-11-05T10:37:33","slug":"dia-mundial-de-la-unesco","status":"publish","type":"post","link":"https:\/\/edublog.educastur.es\/ixuxu\/2025\/11\/dia-mundial-de-la-unesco\/","title":{"rendered":"D\u00eda Mundial de la UNESCO"},"content":{"rendered":"<p style=\"text-align: center\"><a href=\"https:\/\/sauce.com.uy\/wp-content\/uploads\/2021\/11\/UNESCO-1536x683.png\"><img loading=\"lazy\" decoding=\"async\" class=\"aligncenter size-large\" src=\"https:\/\/sauce.com.uy\/wp-content\/uploads\/2021\/11\/UNESCO-1536x683.png\" width=\"1536\" height=\"683\" \/><\/a><\/p>\n<p>G\u00fcei, 4 de payares, cel\u00e9brase&#8217;l D\u00eda Mundial de la Unesco. <strong>La <a href=\"https:\/\/es.wikipedia.org\/wiki\/Unesco\">Unesco<\/a> ye la Organizaci\u00f3n de les Naciones Xun\u00edes para la Educaci\u00f3n, la Ciencia y la Cultura<\/strong> y trata d&#8217;establecer la paz por aciu la cooperaci\u00f3n internacional en materia d&#8217;educaci\u00f3n, ciencia y cultura. <a href=\"https:\/\/www.unesco.org\/es\">https:\/\/www.unesco.org\/es<\/a><\/p>\n<p><!--more--><\/p>\n<p>Fund\u00f3se&#8217;l 16 de payares de 1945 coles mires de contribuyir a la paz y a la segurid\u00e1 nel mundu por aciu la educaci\u00f3n, la ciencia, la cultura y les comunicaciones. Entr\u00f3 a valir en 4 de payares de 1946, fai 73 a\u00f1os, ratificada per venti pa\u00edses. En 2017, cuntaba con 195 Estaos miembru y diez asociaos.<\/p>\n<p style=\"text-align: center\"><a href=\"https:\/\/upload.wikimedia.org\/wikipedia\/commons\/thumb\/d\/d0\/Flag_of_UNESCO.svg\/1024px-Flag_of_UNESCO.svg.png\"><img loading=\"lazy\" decoding=\"async\" class=\"aligncenter \" src=\"https:\/\/upload.wikimedia.org\/wikipedia\/commons\/thumb\/d\/d0\/Flag_of_UNESCO.svg\/1024px-Flag_of_UNESCO.svg.png\" width=\"602\" height=\"401\" \/><\/a><\/p>\n<p>La UNESCO ye la organizaci\u00f3n de les Naciones Xun\u00edes que promueve la cooperaci\u00f3n n&#8217;educaci\u00f3n, ciencia, cultura y comunicaci\u00f3n para fomentar la paz en tol mundu.<\/p>\n<p>La so misi\u00f3n ye consolidar la paz, erradicar la probeza y promover el desenvolvimientu sostenible, el di\u00e1logu intercultural y el respetu de los derechos humanos.<\/p>\n<p>La Organizaci\u00f3n ufierta servicios clave a los sos Estaos miembros, estableciendo normes y est\u00e1ndares globales, desenvolviendo ferramientes para la cooperaci\u00f3n internacional, xenerando conocencia para les pol\u00edtiques p\u00fabliques y construyendo redes globales de sitios ya instituciones inscrites nes sos llistes.<\/p>\n<p style=\"text-align: center\">\n<!-- iframe plugin v.6.0 wordpress.org\/plugins\/iframe\/ -->\n<iframe loading=\"lazy\" width=\"100%\" height=\"405\" src=\"https:\/\/www.youtube.com\/embed\/od5nkhXvJRI\" title=\"\u00bfQu\u00e9 hace la UNESCO?\" frameborder=\"0\" allow=\"accelerometer; autoplay; clipboard-write; encrypted-media; gyroscope; picture-in-picture; web-share\" referrerpolicy=\"strict-origin-when-cross-origin\" 0=\"allowfullscreen\" 1=\"\/iframe\" scrolling=\"yes\" class=\"iframe-class\"><\/iframe>\n<\/p>\n<p>G\u00fcei 4 de payares, D\u00eda de la UNESCO, celebramos qu&#8217;Espa\u00f1a ye unu de los pa\u00edses con m\u00e1s llugares reconoc\u00edos como Patrimoniu Mundial, atesorando m\u00e1s de 50 bienes que cunten la nuesa hestoria.<strong> Tenemos 7 tesoros Patrimoniu de la Humanid\u00e1.<\/strong> Faemos un viaxe por siete de los emblemes espa\u00f1oles que la UNESCO enc\u00e1rgase de protexer, revelando la so fonda hestoria y los sos datos m\u00e1s sorprendentes. <a href=\"https:\/\/www.antena3.com\/noticias\/cultura\/dia-unesco-7-tesoros-espana-que-son-patrimonio-humanidad_202511046909966f96fd1d323b0cdb90.html\">Antena 3<\/a><\/p>\n<p>&nbsp;<\/p>\n","protected":false},"excerpt":{"rendered":"<p>G\u00fcei, 4 de payares, cel\u00e9brase&#8217;l D\u00eda Mundial de la Unesco. La Unesco ye la Organizaci\u00f3n de les Naciones Xun\u00edes para la Educaci\u00f3n, la Ciencia y la Cultura y trata d&#8217;establecer la paz por aciu la cooperaci\u00f3n internacional en materia d&#8217;educaci\u00f3n, ciencia y cultura. https:\/\/www.unesco.org\/es<\/p>\n","protected":false},"author":117,"featured_media":0,"comment_status":"closed","ping_status":"open","sticky":false,"template":"","format":"standard","meta":{"footnotes":""},"categories":[6,388],"tags":[],"class_list":["post-61052","post","type-post","status-publish","format-standard","hentry","category-dia-de","category-patrimoniu-de-la-humanida"],"_links":{"self":[{"href":"https:\/\/edublog.educastur.es\/ixuxu\/wp-json\/wp\/v2\/posts\/61052","targetHints":{"allow":["GET"]}}],"collection":[{"href":"https:\/\/edublog.educastur.es\/ixuxu\/wp-json\/wp\/v2\/posts"}],"about":[{"href":"https:\/\/edublog.educastur.es\/ixuxu\/wp-json\/wp\/v2\/types\/post"}],"author":[{"embeddable":true,"href":"https:\/\/edublog.educastur.es\/ixuxu\/wp-json\/wp\/v2\/users\/117"}],"replies":[{"embeddable":true,"href":"https:\/\/edublog.educastur.es\/ixuxu\/wp-json\/wp\/v2\/comments?post=61052"}],"version-history":[{"count":6,"href":"https:\/\/edublog.educastur.es\/ixuxu\/wp-json\/wp\/v2\/posts\/61052\/revisions"}],"predecessor-version":[{"id":61058,"href":"https:\/\/edublog.educastur.es\/ixuxu\/wp-json\/wp\/v2\/posts\/61052\/revisions\/61058"}],"wp:attachment":[{"href":"https:\/\/edublog.educastur.es\/ixuxu\/wp-json\/wp\/v2\/media?parent=61052"}],"wp:term":[{"taxonomy":"category","embeddable":true,"href":"https:\/\/edublog.educastur.es\/ixuxu\/wp-json\/wp\/v2\/categories?post=61052"},{"taxonomy":"post_tag","embeddable":true,"href":"https:\/\/edublog.educastur.es\/ixuxu\/wp-json\/wp\/v2\/tags?post=61052"}],"curies":[{"name":"wp","href":"https:\/\/api.w.org\/{rel}","templated":true}]}}