{"id":61059,"date":"2025-11-05T12:42:02","date_gmt":"2025-11-05T10:42:02","guid":{"rendered":"https:\/\/edublog.educastur.es\/ixuxu\/?p=61059"},"modified":"2025-11-05T12:43:19","modified_gmt":"2025-11-05T10:43:19","slug":"uvieu-acueyel-so-sestu-festival-internacional-del-videoclip","status":"publish","type":"post","link":"https:\/\/edublog.educastur.es\/ixuxu\/2025\/11\/uvieu-acueyel-so-sestu-festival-internacional-del-videoclip\/","title":{"rendered":"Uvi\u00e9u acueye&#8217;l so sestu festival internacional del videoclip"},"content":{"rendered":"<p>Uvi\u00e9u acueye dende&#8217;l xueves el so sestu festival internacional del videoclip.\u00a0Uvi\u00e9u prep\u00e1rase para acoyer, ente&#8217;l xueves y el s\u00e1badu d&#8217;esta selmana, la<a href=\"https:\/\/www.fivoviedo.es\/\"><strong> sesta edici\u00f3n del Festival Internacional de Videoclips d&#8217;Uvi\u00e9u (FIVO)<\/strong><\/a>, que vuelve convertir la ciud\u00e1 en puntu d&#8217;alcuentru pa ceadores, m\u00fasicos y realizadores.<\/p>\n<p style=\"text-align: center\"><a href=\"https:\/\/www.fivoviedo.es\/wp-content\/uploads\/2025\/11\/FIVO-LOGO-2025-V_OK.svg\"><img loading=\"lazy\" decoding=\"async\" class=\"aligncenter \" src=\"https:\/\/www.fivoviedo.es\/wp-content\/uploads\/2025\/11\/FIVO-LOGO-2025-V_OK.svg\" width=\"474\" height=\"635\" \/><\/a><\/p>\n<p><!--more--><\/p>\n<p>El certame ampl\u00eda angua\u00f1o la so presencia na capital asturiana con actividaes na Sala Tribeca, la Llata de Cinc y Kuivi Almacenes, am\u00e1s d&#8217;en el Centru Integr\u00e1u de Formaci\u00f3n Profesional pa la Comunicaci\u00f3n, Imaxe y Son\u00edu de Llangr\u00e9u (CISLAN), consolid\u00e1ndose como l&#8217;\u00fanicu festival dedic\u00e1u al videoclip n&#8217;Espa\u00f1a.<\/p>\n<p>La secci\u00f3n oficial va cuntar con ocho producciones procedentes de pa\u00edses como Italia, Francia, EE UU, Polonia, Kenia y Espa\u00f1a, ente que la Secci\u00f3n Nueves Valores y la Secci\u00f3n Asturies van axuntar xuna ventena de trabayos que se van proxectar nos Cines Embaxadores esti s\u00e1badu.<\/p>\n<p style=\"text-align: center\"><a href=\"https:\/\/www.fivoviedo.es\/wp-content\/uploads\/2025\/11\/FIVO-2025-RECURSO-9.png\">https:\/\/www.fivoviedo.es\/wp-content\/uploads\/2025\/11\/FIVO-2025-RECURSO-9.png<\/a><\/p>\n","protected":false},"excerpt":{"rendered":"<p>Uvi\u00e9u acueye dende&#8217;l xueves el so sestu festival internacional del videoclip.\u00a0Uvi\u00e9u prep\u00e1rase para acoyer, ente&#8217;l xueves y el s\u00e1badu d&#8217;esta selmana, la sesta edici\u00f3n del Festival Internacional de Videoclips d&#8217;Uvi\u00e9u (FIVO), que vuelve convertir la ciud\u00e1 en puntu d&#8217;alcuentru pa ceadores, m\u00fasicos y realizadores.<\/p>\n","protected":false},"author":117,"featured_media":0,"comment_status":"closed","ping_status":"open","sticky":false,"template":"","format":"standard","meta":{"footnotes":""},"categories":[74,100],"tags":[],"class_list":["post-61059","post","type-post","status-publish","format-standard","hentry","category-certame","category-videuclip"],"_links":{"self":[{"href":"https:\/\/edublog.educastur.es\/ixuxu\/wp-json\/wp\/v2\/posts\/61059","targetHints":{"allow":["GET"]}}],"collection":[{"href":"https:\/\/edublog.educastur.es\/ixuxu\/wp-json\/wp\/v2\/posts"}],"about":[{"href":"https:\/\/edublog.educastur.es\/ixuxu\/wp-json\/wp\/v2\/types\/post"}],"author":[{"embeddable":true,"href":"https:\/\/edublog.educastur.es\/ixuxu\/wp-json\/wp\/v2\/users\/117"}],"replies":[{"embeddable":true,"href":"https:\/\/edublog.educastur.es\/ixuxu\/wp-json\/wp\/v2\/comments?post=61059"}],"version-history":[{"count":3,"href":"https:\/\/edublog.educastur.es\/ixuxu\/wp-json\/wp\/v2\/posts\/61059\/revisions"}],"predecessor-version":[{"id":61062,"href":"https:\/\/edublog.educastur.es\/ixuxu\/wp-json\/wp\/v2\/posts\/61059\/revisions\/61062"}],"wp:attachment":[{"href":"https:\/\/edublog.educastur.es\/ixuxu\/wp-json\/wp\/v2\/media?parent=61059"}],"wp:term":[{"taxonomy":"category","embeddable":true,"href":"https:\/\/edublog.educastur.es\/ixuxu\/wp-json\/wp\/v2\/categories?post=61059"},{"taxonomy":"post_tag","embeddable":true,"href":"https:\/\/edublog.educastur.es\/ixuxu\/wp-json\/wp\/v2\/tags?post=61059"}],"curies":[{"name":"wp","href":"https:\/\/api.w.org\/{rel}","templated":true}]}}