{"id":61065,"date":"2025-11-05T08:25:21","date_gmt":"2025-11-05T06:25:21","guid":{"rendered":"https:\/\/edublog.educastur.es\/ixuxu\/?p=61065"},"modified":"2025-11-05T13:05:35","modified_gmt":"2025-11-05T11:05:35","slug":"el-tiempu-el-comercio-178","status":"publish","type":"post","link":"https:\/\/edublog.educastur.es\/ixuxu\/2025\/11\/el-tiempu-el-comercio-178\/","title":{"rendered":"El tiempu (El Comercio)"},"content":{"rendered":"<p style=\"text-align: center\"><a href=\"https:\/\/s2.ppllstatics.com\/elcomercio\/www\/multimedia\/2025\/11\/04\/prevision-tiempo-asturias-kX0E-U2302588077118HVD-1200x870@El%20Comercio.jpg\"><img loading=\"lazy\" decoding=\"async\" class=\"aligncenter size-large\" src=\"https:\/\/s2.ppllstatics.com\/elcomercio\/www\/multimedia\/2025\/11\/04\/prevision-tiempo-asturias-kX0E-U2302588077118HVD-1200x870@El%20Comercio.jpg\" width=\"1200\" height=\"870\" \/><\/a><\/p>\n<p>Volveremos encarar otru d\u00eda onde los fuertes vientos volver\u00e1n ser protagonistes. <strong>Hasta les 18:00 hores va tar activ\u00e1u l&#8217;avisu naranxa nel cordal<\/strong> por raches que podr\u00eden algamar los 100 km\/h y, a partir de les 18:00 hores l&#8217;avisu va pasar a nivel mariellu por raches d&#8217;hasta 90 km\/h. Nel suroccidente asturianu l&#8217;avisu mariellu va tar activ\u00e1u hasta&#8217;l mediud\u00eda por raches tami\u00e9n d&#8217;hasta 90 km\/h. Dellos modelos meteorol\u00f3xicos apunten a la posibilid\u00e1 de que, independientemente de los avisos oficiales de l&#8217;Axencia Estatal de Meteorolox\u00eda, en zones altes del cordal oriental podr\u00eden llegar a rexistrase raches d&#8217;hasta 130 o 140 km\/h mientres la primer met\u00e1 del d\u00eda.<\/p>\n<p><!--more--><\/p>\n<p>Conforme meyora la tarde, les intenses raches van dir a menos anque, comoquier, van siguir siendo fuertes. Nel restu d&#8217;Asturies superar\u00e1n los 60 km\/h pudiendo haber zones nes que se van averar a los 80 km\/h, especialmente, nes hores centrales. En cuanto al <strong>est\u00e1u de los cielos<\/strong>, prevense nubes medies y altes con bastios en tola met\u00e1 sur y, de forma m\u00e1s espor\u00e1dica, nun se refuga dalg\u00fan bastiu nel restu. Les<strong> temperatures m\u00e1ximes<\/strong> van ser similares a les del martes, ente que les m\u00ednimes van xubir nel norte y nel oriente, y podr\u00eden baxar nel sector occidental.<\/p>\n<p>El xueves, d\u00eda nublu pela ma\u00f1ana con ag\u00fces xeneralizaes que van unviar pela tarde pudiendo abrise claros. <strong>Temperatures en descensu<\/strong> y vientos moderaos de componente oeste.<\/p>\n","protected":false},"excerpt":{"rendered":"<p>Volveremos encarar otru d\u00eda onde los fuertes vientos volver\u00e1n ser protagonistes. Hasta les 18:00 hores va tar activ\u00e1u l&#8217;avisu naranxa nel cordal por raches que podr\u00eden algamar los 100 km\/h y, a partir de les 18:00 hores l&#8217;avisu va pasar a nivel mariellu por raches d&#8217;hasta 90 km\/h. Nel suroccidente asturianu l&#8217;avisu mariellu va tar [&hellip;]<\/p>\n","protected":false},"author":117,"featured_media":0,"comment_status":"closed","ping_status":"open","sticky":false,"template":"","format":"standard","meta":{"footnotes":""},"categories":[5],"tags":[],"class_list":["post-61065","post","type-post","status-publish","format-standard","hentry","category-tiempu"],"_links":{"self":[{"href":"https:\/\/edublog.educastur.es\/ixuxu\/wp-json\/wp\/v2\/posts\/61065","targetHints":{"allow":["GET"]}}],"collection":[{"href":"https:\/\/edublog.educastur.es\/ixuxu\/wp-json\/wp\/v2\/posts"}],"about":[{"href":"https:\/\/edublog.educastur.es\/ixuxu\/wp-json\/wp\/v2\/types\/post"}],"author":[{"embeddable":true,"href":"https:\/\/edublog.educastur.es\/ixuxu\/wp-json\/wp\/v2\/users\/117"}],"replies":[{"embeddable":true,"href":"https:\/\/edublog.educastur.es\/ixuxu\/wp-json\/wp\/v2\/comments?post=61065"}],"version-history":[{"count":1,"href":"https:\/\/edublog.educastur.es\/ixuxu\/wp-json\/wp\/v2\/posts\/61065\/revisions"}],"predecessor-version":[{"id":61066,"href":"https:\/\/edublog.educastur.es\/ixuxu\/wp-json\/wp\/v2\/posts\/61065\/revisions\/61066"}],"wp:attachment":[{"href":"https:\/\/edublog.educastur.es\/ixuxu\/wp-json\/wp\/v2\/media?parent=61065"}],"wp:term":[{"taxonomy":"category","embeddable":true,"href":"https:\/\/edublog.educastur.es\/ixuxu\/wp-json\/wp\/v2\/categories?post=61065"},{"taxonomy":"post_tag","embeddable":true,"href":"https:\/\/edublog.educastur.es\/ixuxu\/wp-json\/wp\/v2\/tags?post=61065"}],"curies":[{"name":"wp","href":"https:\/\/api.w.org\/{rel}","templated":true}]}}