{"id":61078,"date":"2025-11-06T10:14:12","date_gmt":"2025-11-06T08:14:12","guid":{"rendered":"https:\/\/edublog.educastur.es\/ixuxu\/?p=61078"},"modified":"2025-11-08T20:55:20","modified_gmt":"2025-11-08T18:55:20","slug":"naz-un-rinoceronte-blancu-nel-bioparc-de-valencia","status":"publish","type":"post","link":"https:\/\/edublog.educastur.es\/ixuxu\/2025\/11\/naz-un-rinoceronte-blancu-nel-bioparc-de-valencia\/","title":{"rendered":"Naz un rinoceronte blancu nel Bioparc de Valencia"},"content":{"rendered":"<p style=\"text-align: center\"><a href=\"https:\/\/pbs.twimg.com\/media\/G5ADgNXXAAABE1_?format=jpg&amp;name=large\"><img loading=\"lazy\" decoding=\"async\" class=\"aligncenter size-large\" src=\"https:\/\/pbs.twimg.com\/media\/G5ADgNXXAAABE1_?format=jpg&amp;name=large\" width=\"1898\" height=\"1044\" \/><\/a><\/p>\n<p>Asina foi la nacencia del primer rinoceronte blancu en Bioparc Valencia que tard\u00f3 18 a\u00f1os en producise. Semeya: La rinoceronta Kwanza cola so cria<strong>.<\/strong>\u00a0<a href=\"https:\/\/bioparcvalencia.es\/emocion-y-en-directo-el-primer-nacimiento-de-un-rinoceronte\/\">Bioparc <\/a>\u201cTenemos un rinoceronte\u201d, esti berru d&#8217;allegr\u00eda, sigu\u00edu d&#8217;abrazos (y delles ll\u00e1rimes) del equipu t\u00e9cnicu de BIOPARC Valencia marca un finxu nesti parque de naturaleza.<\/p>\n<p><!--more--><\/p>\n<p>El martes pela tarde, nel 491 d\u00eda de xestaci\u00f3n, BIOPARC Valencia vivi\u00f3 con tola emoci\u00f3n y \u201cen directu\u201d, la nacencia del primer rinoceronte blancu (Ceratotherium simum simum). Un acontecimientu que <strong>representa la esperanza para esta especie en peligru d&#8217;estinci\u00f3n<\/strong> pola bederre caza furtiva para cortar l&#8217;acobici\u00e1u cuernu. Y un \u00e9situ para tol personal que mientres 18 a\u00f1os ta trabayando y aplicando toos les conocencies cient\u00edfiques y la so esperiencia nel Programa Internacional de Caltenimientu d&#8217;esta especie nel que participa&#8217;l parque d&#8217;animales.<\/p>\n<p style=\"text-align: center\">\n<!-- iframe plugin v.6.0 wordpress.org\/plugins\/iframe\/ -->\n<iframe loading=\"lazy\" src=\"https:\/\/www.facebook.com\/plugins\/video.php?height=476&#038;href=https%3A%2F%2Fwww.facebook.com%2Freel%2F1377327787290071%2F&#038;show_text=false&#038;width=267&#038;t=0\" width=\"267\" height=\"476\" style=\"border:none;overflow:hidden\" scrolling=\"no\" frameborder=\"0\" allowfullscreen=\"true\" allow=\"autoplay; clipboard-write; encrypted-media; picture-in-picture; web-share\" 0=\"\/iframe\" class=\"iframe-class\"><\/iframe>\n<\/p>\n<p style=\"text-align: center\">\n<!-- iframe plugin v.6.0 wordpress.org\/plugins\/iframe\/ -->\n<iframe loading=\"lazy\" src=\"https:\/\/www.facebook.com\/plugins\/video.php?height=476&#038;href=https%3A%2F%2Fwww.facebook.com%2Freel%2F1209567150988469%2F&#038;show_text=false&#038;width=267&#038;t=0\" width=\"267\" height=\"476\" style=\"border:none;overflow:hidden\" scrolling=\"no\" frameborder=\"0\" allowfullscreen=\"true\" allow=\"autoplay; clipboard-write; encrypted-media; picture-in-picture; web-share\" 0=\"\/iframe\" class=\"iframe-class\"><\/iframe>\n<\/p>\n","protected":false},"excerpt":{"rendered":"<p>Asina foi la nacencia del primer rinoceronte blancu en Bioparc Valencia que tard\u00f3 18 a\u00f1os en producise. Semeya: La rinoceronta Kwanza cola so cria.\u00a0Bioparc \u201cTenemos un rinoceronte\u201d, esti berru d&#8217;allegr\u00eda, sigu\u00edu d&#8217;abrazos (y delles ll\u00e1rimes) del equipu t\u00e9cnicu de BIOPARC Valencia marca un finxu nesti parque de naturaleza.<\/p>\n","protected":false},"author":117,"featured_media":0,"comment_status":"closed","ping_status":"open","sticky":false,"template":"","format":"standard","meta":{"footnotes":""},"categories":[1],"tags":[],"class_list":["post-61078","post","type-post","status-publish","format-standard","hentry","category-sin-categoria"],"_links":{"self":[{"href":"https:\/\/edublog.educastur.es\/ixuxu\/wp-json\/wp\/v2\/posts\/61078","targetHints":{"allow":["GET"]}}],"collection":[{"href":"https:\/\/edublog.educastur.es\/ixuxu\/wp-json\/wp\/v2\/posts"}],"about":[{"href":"https:\/\/edublog.educastur.es\/ixuxu\/wp-json\/wp\/v2\/types\/post"}],"author":[{"embeddable":true,"href":"https:\/\/edublog.educastur.es\/ixuxu\/wp-json\/wp\/v2\/users\/117"}],"replies":[{"embeddable":true,"href":"https:\/\/edublog.educastur.es\/ixuxu\/wp-json\/wp\/v2\/comments?post=61078"}],"version-history":[{"count":11,"href":"https:\/\/edublog.educastur.es\/ixuxu\/wp-json\/wp\/v2\/posts\/61078\/revisions"}],"predecessor-version":[{"id":61171,"href":"https:\/\/edublog.educastur.es\/ixuxu\/wp-json\/wp\/v2\/posts\/61078\/revisions\/61171"}],"wp:attachment":[{"href":"https:\/\/edublog.educastur.es\/ixuxu\/wp-json\/wp\/v2\/media?parent=61078"}],"wp:term":[{"taxonomy":"category","embeddable":true,"href":"https:\/\/edublog.educastur.es\/ixuxu\/wp-json\/wp\/v2\/categories?post=61078"},{"taxonomy":"post_tag","embeddable":true,"href":"https:\/\/edublog.educastur.es\/ixuxu\/wp-json\/wp\/v2\/tags?post=61078"}],"curies":[{"name":"wp","href":"https:\/\/api.w.org\/{rel}","templated":true}]}}