{"id":61096,"date":"2025-11-06T12:27:32","date_gmt":"2025-11-06T10:27:32","guid":{"rendered":"https:\/\/edublog.educastur.es\/ixuxu\/?p=61096"},"modified":"2025-11-06T12:31:13","modified_gmt":"2025-11-06T10:31:13","slug":"61096","status":"publish","type":"post","link":"https:\/\/edublog.educastur.es\/ixuxu\/2025\/11\/61096\/","title":{"rendered":"Villar, nel conceyu Mieres, l&#8217;escond\u00edu pueblu asturianu qu&#8217;alluma la Navid\u00e1"},"content":{"rendered":"<p>LNE \/ L&#8217;escond\u00edu pueblu asturianu a 500 metros d&#8217;altit\u00fa y de 24 casa que va por Vigo en Navid\u00e1: \u00abNun ye por presumir, pero la verd\u00e1 ye que l&#8217;aldega ta preciosa; digna de vese\u00bb. Nel monte asturianu hai exemplos de que con poco se puede faer munchos si lo que media ye l&#8217;apegu a lo propio.<\/p>\n<p style=\"text-align: center\"><a href=\"https:\/\/estaticos-cdn.prensaiberica.es\/clip\/b9884a7d-95a4-4623-9007-2d2eb1c9a4eb_16-9-discover-aspect-ratio_default_0.webp\"><img loading=\"lazy\" decoding=\"async\" class=\"aligncenter size-large\" src=\"https:\/\/estaticos-cdn.prensaiberica.es\/clip\/b9884a7d-95a4-4623-9007-2d2eb1c9a4eb_16-9-discover-aspect-ratio_default_0.webp\" width=\"1200\" height=\"675\" \/><\/a><\/p>\n<p><!--more--><\/p>\n<p>La Navid\u00e1 ta a la vuelta y l&#8217;esquina y y\u00e1 son munchos los g\u00fceyos que t\u00e1n puestos en Vigo, ciud\u00e1 que se convirti\u00f3 nos \u00faltimos a\u00f1os en centru de pelegrinaxe para los amantes de les lluces y decoraciones d&#8217;esta m\u00e1xica d\u00f3mina del a\u00f1u. Pero cada vez son m\u00e1s les ciudaes y pueblos qu&#8217;apuesten por enagalanar les sos cais y demostrar un colectivu esp\u00edritu navidiegu y non solo para atraer turistes, sin\u00f3n para esfrutar ellos mesmu del so trabayu y dar un toque de color a les llargues nueches ivernices d&#8217;avientu.<\/p>\n<p>Horros, corredores, caleyas y \u00e1rboles irradien en Villar ambiente navidiegu. Adornos y lluces afataben el pueblu creando una hospitalaria atm\u00f3sfera en cuanto empieza a anochar. \u00abArriendes de la pandemia empezamos a decorar el pueblu con adornos que fa\u00edamos nel taller del telecentro, pero angua\u00f1o decidimos poner munches m\u00e1s lluces, una y bones los adornos asitiar principalmente nos teyaos y yera un pocu peligrosu\u00bb, espliquen los vecinos.<\/p>\n<p>Un mozu carrasco asiti\u00e1u nel centru de l&#8217;aldega y dellos horros fueron allumaos pola asociaci\u00f3n. Foi solo&#8217;l principiu. \u00abAl ver que taba quedando tou tan guapu, les familia fu\u00e9ronse animando y toos decoremos les nueses cases. Da gustu pasiar por Villar estos d\u00edes\u00bb, apuntaba arguyosa Florina Iglesias.<\/p>\n<p>Villar asomar al tur\u00edsticu valle de Cenera dende la fastera del monte Llosorio.<strong> L&#8217;aldega all\u00fagase a unos 9 kil\u00f3metros del cascu urbanu de Mieres<\/strong> y raspia los 500 metros d&#8217;altit\u00fa. . Nel pueblu hai angua\u00f1o 24 cases. \u00abCasi toes t\u00e1n ocupaes. Lleg\u00f3 muncha xente nuevo. Cuando la pandemia empezaron a venir les fines de selmana y a la fin qued\u00e1ronse\u00bb, destacaba Iglesias. Les families entornar cola decoraci\u00f3n navidiega. \u00abHai unes cases a les fuera del pueblu que t\u00e1n deshabitadas, pero los due\u00f1os tami\u00e9n les afataron y quedaron perbi\u00e9n\u00bb.<\/p>\n","protected":false},"excerpt":{"rendered":"<p>LNE \/ L&#8217;escond\u00edu pueblu asturianu a 500 metros d&#8217;altit\u00fa y de 24 casa que va por Vigo en Navid\u00e1: \u00abNun ye por presumir, pero la verd\u00e1 ye que l&#8217;aldega ta preciosa; digna de vese\u00bb. Nel monte asturianu hai exemplos de que con poco se puede faer munchos si lo que media ye l&#8217;apegu a lo [&hellip;]<\/p>\n","protected":false},"author":117,"featured_media":0,"comment_status":"closed","ping_status":"open","sticky":false,"template":"","format":"standard","meta":{"footnotes":""},"categories":[81,22],"tags":[],"class_list":["post-61096","post","type-post","status-publish","format-standard","hentry","category-nadal","category-pueblos"],"_links":{"self":[{"href":"https:\/\/edublog.educastur.es\/ixuxu\/wp-json\/wp\/v2\/posts\/61096","targetHints":{"allow":["GET"]}}],"collection":[{"href":"https:\/\/edublog.educastur.es\/ixuxu\/wp-json\/wp\/v2\/posts"}],"about":[{"href":"https:\/\/edublog.educastur.es\/ixuxu\/wp-json\/wp\/v2\/types\/post"}],"author":[{"embeddable":true,"href":"https:\/\/edublog.educastur.es\/ixuxu\/wp-json\/wp\/v2\/users\/117"}],"replies":[{"embeddable":true,"href":"https:\/\/edublog.educastur.es\/ixuxu\/wp-json\/wp\/v2\/comments?post=61096"}],"version-history":[{"count":5,"href":"https:\/\/edublog.educastur.es\/ixuxu\/wp-json\/wp\/v2\/posts\/61096\/revisions"}],"predecessor-version":[{"id":61101,"href":"https:\/\/edublog.educastur.es\/ixuxu\/wp-json\/wp\/v2\/posts\/61096\/revisions\/61101"}],"wp:attachment":[{"href":"https:\/\/edublog.educastur.es\/ixuxu\/wp-json\/wp\/v2\/media?parent=61096"}],"wp:term":[{"taxonomy":"category","embeddable":true,"href":"https:\/\/edublog.educastur.es\/ixuxu\/wp-json\/wp\/v2\/categories?post=61096"},{"taxonomy":"post_tag","embeddable":true,"href":"https:\/\/edublog.educastur.es\/ixuxu\/wp-json\/wp\/v2\/tags?post=61096"}],"curies":[{"name":"wp","href":"https:\/\/api.w.org\/{rel}","templated":true}]}}