{"id":61105,"date":"2025-11-06T08:35:59","date_gmt":"2025-11-06T06:35:59","guid":{"rendered":"https:\/\/edublog.educastur.es\/ixuxu\/?p=61105"},"modified":"2025-11-06T12:38:36","modified_gmt":"2025-11-06T10:38:36","slug":"el-tiempu-el-comercio-179","status":"publish","type":"post","link":"https:\/\/edublog.educastur.es\/ixuxu\/2025\/11\/el-tiempu-el-comercio-179\/","title":{"rendered":"El tiempu (El Comercio)"},"content":{"rendered":"<p style=\"text-align: center\"><a href=\"https:\/\/s3.ppllstatics.com\/elcomercio\/www\/multimedia\/2025\/11\/05\/prevision-tiempo-asturias-k8dB-U2302588077118HVD-1200x870@El%20Comercio.jpg\"><img loading=\"lazy\" decoding=\"async\" class=\"aligncenter size-large\" src=\"https:\/\/s3.ppllstatics.com\/elcomercio\/www\/multimedia\/2025\/11\/05\/prevision-tiempo-asturias-k8dB-U2302588077118HVD-1200x870@El%20Comercio.jpg\" width=\"1200\" height=\"870\" \/><\/a><\/p>\n<p>El xueves nun s&#8217;esperen raches tan intenses cuidao que va ser raru que superen los 80 km\/h. Asina tou, <strong>na mari\u00f1a asturiana<\/strong> va tar activ\u00e1u l&#8217;avisu mariellu hasta les 21:00 hores por vientos de suroeste-oeste que podr\u00eden llegar a algamar los 74 km\/h (fuerza 8) y pola posibilid\u00e1 de foles que podr\u00eden llegar a algamar los 5 metros d&#8217;altor. En cuanto al <strong>est\u00e1u de los cielos<\/strong>, la ma\u00f1ana va presentase nubosa y con posibilid\u00e1 d&#8217;ag\u00fces, y a partir de les primeres hores de la tarde vamos reparar como se van abrir grandes claros en casi tol Princip\u00e1u y, poques gracies, van unviar les ag\u00fces. <strong>Les temperatures<\/strong> van baxar de forma xeneralizada respectu al mi\u00e9rcoles. Concretamente, van baxar hasta 6 \u00baC nel sector oeste y hasta 4 o 5 \u00baC nel restu de la rex\u00f3n.<\/p>\n<p>El vienres esperen nubes y precipitaciones deb\u00edu al pasu d&#8217;un frente. La fin de selmana, a priori, tou paez indicar que vamos tener xunas condiciones meteorol\u00f3xiques estables.<\/p>\n","protected":false},"excerpt":{"rendered":"<p>El xueves nun s&#8217;esperen raches tan intenses cuidao que va ser raru que superen los 80 km\/h. Asina tou, na mari\u00f1a asturiana va tar activ\u00e1u l&#8217;avisu mariellu hasta les 21:00 hores por vientos de suroeste-oeste que podr\u00eden llegar a algamar los 74 km\/h (fuerza 8) y pola posibilid\u00e1 de foles que podr\u00eden llegar a algamar [&hellip;]<\/p>\n","protected":false},"author":117,"featured_media":0,"comment_status":"closed","ping_status":"open","sticky":false,"template":"","format":"standard","meta":{"footnotes":""},"categories":[5],"tags":[],"class_list":["post-61105","post","type-post","status-publish","format-standard","hentry","category-tiempu"],"_links":{"self":[{"href":"https:\/\/edublog.educastur.es\/ixuxu\/wp-json\/wp\/v2\/posts\/61105","targetHints":{"allow":["GET"]}}],"collection":[{"href":"https:\/\/edublog.educastur.es\/ixuxu\/wp-json\/wp\/v2\/posts"}],"about":[{"href":"https:\/\/edublog.educastur.es\/ixuxu\/wp-json\/wp\/v2\/types\/post"}],"author":[{"embeddable":true,"href":"https:\/\/edublog.educastur.es\/ixuxu\/wp-json\/wp\/v2\/users\/117"}],"replies":[{"embeddable":true,"href":"https:\/\/edublog.educastur.es\/ixuxu\/wp-json\/wp\/v2\/comments?post=61105"}],"version-history":[{"count":1,"href":"https:\/\/edublog.educastur.es\/ixuxu\/wp-json\/wp\/v2\/posts\/61105\/revisions"}],"predecessor-version":[{"id":61106,"href":"https:\/\/edublog.educastur.es\/ixuxu\/wp-json\/wp\/v2\/posts\/61105\/revisions\/61106"}],"wp:attachment":[{"href":"https:\/\/edublog.educastur.es\/ixuxu\/wp-json\/wp\/v2\/media?parent=61105"}],"wp:term":[{"taxonomy":"category","embeddable":true,"href":"https:\/\/edublog.educastur.es\/ixuxu\/wp-json\/wp\/v2\/categories?post=61105"},{"taxonomy":"post_tag","embeddable":true,"href":"https:\/\/edublog.educastur.es\/ixuxu\/wp-json\/wp\/v2\/tags?post=61105"}],"curies":[{"name":"wp","href":"https:\/\/api.w.org\/{rel}","templated":true}]}}