{"id":61112,"date":"2025-11-06T12:45:50","date_gmt":"2025-11-06T10:45:50","guid":{"rendered":"https:\/\/edublog.educastur.es\/ixuxu\/?p=61112"},"modified":"2025-11-06T12:48:09","modified_gmt":"2025-11-06T10:48:09","slug":"la-seronda-naviles-7-y-8-de-payares","status":"publish","type":"post","link":"https:\/\/edublog.educastur.es\/ixuxu\/2025\/11\/la-seronda-naviles-7-y-8-de-payares\/","title":{"rendered":"La XXII Seronda n\u2019Avil\u00e9s: 7 y 8 de payares"},"content":{"rendered":"<p style=\"text-align: center\"><span class=\"x193iq5w xeuugli x13faqbe x1vvkbs xt0psk2 x1i0vuye xvs91rp xo1l8bm x5n08af x10wh9bi xpm28yp x8viiok x1o7cslx x126k92a\"><span class=\"html-span xexx8yu x4uap5 x18d9i69 xkhd6sd x1hl2dhg x16tdsg8 x1vvkbs x3nfvp2 x1j61x8r x1fcty0u xdj266r xat24cr xgzva0m xhhsvwb xxymvpz xlup9mm x1kky2od\">\n<!-- iframe plugin v.6.0 wordpress.org\/plugins\/iframe\/ -->\n<iframe loading=\"lazy\" src=\"https:\/\/www.instagram.com\/reel\/DQqtOy_DPLE\/embed\" width=\"500\" height=\"645\" 0=\"\/iframe\" scrolling=\"yes\" class=\"iframe-class\" frameborder=\"0\"><\/iframe>\n<\/span><\/span><\/p>\n<p>La plaza Les Ace\u00f1es acueye un a\u00f1u m\u00e1s la Seronda n\u2019Avil\u00e9s qu\u2019entamen <a class=\"x1i10hfl xjbqb8w x1ejq31n x18oe1m7 x1sy0etr xstzfhl x972fbf x10w94by x1qhh985 x14e42zd x9f619 x1ypdohk xt0psk2 x3ct3a4 xdj266r x14z9mp xat24cr x1lziwak xexx8yu xyri2b x18d9i69 x1c1uobl x16tdsg8 x1hl2dhg xggy1nq x1a2a7pz notranslate _a6hd\" role=\"link\" href=\"https:\/\/www.instagram.com\/xuntanza_aviles\/\">@xuntanza_aviles<\/a> \ud83c\udf42 Los d\u00edes 7 y 8 de payares esa plaza del merc\u00e1u va llenase de m\u00fasica, baille tradicional, gastronom\u00eda y actividaes pa la reciella \ud83c\udfb6 Les formaciones asturianes que van actuar son Cuatrol\u00e1n, <a class=\"x1i10hfl xjbqb8w x1ejq31n x18oe1m7 x1sy0etr xstzfhl x972fbf x10w94by x1qhh985 x14e42zd x9f619 x1ypdohk xt0psk2 x3ct3a4 xdj266r x14z9mp xat24cr x1lziwak xexx8yu xyri2b x18d9i69 x1c1uobl x16tdsg8 x1hl2dhg xggy1nq x1a2a7pz notranslate _a6hd\" role=\"link\" href=\"https:\/\/www.instagram.com\/xareu_d_ochobre\/\">@xareu_d_ochobre<\/a> , <a class=\"x1i10hfl xjbqb8w x1ejq31n x18oe1m7 x1sy0etr xstzfhl x972fbf x10w94by x1qhh985 x14e42zd x9f619 x1ypdohk xt0psk2 x3ct3a4 xdj266r x14z9mp xat24cr x1lziwak xexx8yu xyri2b x18d9i69 x1c1uobl x16tdsg8 x1hl2dhg xggy1nq x1a2a7pz notranslate _a6hd\" role=\"link\" href=\"https:\/\/www.instagram.com\/escontral_raiganu\/\">@escontral_raiganu<\/a> , <a class=\"x1i10hfl xjbqb8w x1ejq31n x18oe1m7 x1sy0etr xstzfhl x972fbf x10w94by x1qhh985 x14e42zd x9f619 x1ypdohk xt0psk2 x3ct3a4 xdj266r x14z9mp xat24cr x1lziwak xexx8yu xyri2b x18d9i69 x1c1uobl x16tdsg8 x1hl2dhg xggy1nq x1a2a7pz notranslate _a6hd\" role=\"link\" href=\"https:\/\/www.instagram.com\/algaire\/\">@algaire<\/a> , <a class=\"x1i10hfl xjbqb8w x1ejq31n x18oe1m7 x1sy0etr xstzfhl x972fbf x10w94by x1qhh985 x14e42zd x9f619 x1ypdohk xt0psk2 x3ct3a4 xdj266r x14z9mp xat24cr x1lziwak xexx8yu xyri2b x18d9i69 x1c1uobl x16tdsg8 x1hl2dhg xggy1nq x1a2a7pz notranslate _a6hd\" role=\"link\" href=\"https:\/\/www.instagram.com\/bandina_loscollainos\/\">@bandina_loscollainos<\/a> y el grupu nuevu <a class=\"x1i10hfl xjbqb8w x1ejq31n x18oe1m7 x1sy0etr xstzfhl x972fbf x10w94by x1qhh985 x14e42zd x9f619 x1ypdohk xt0psk2 x3ct3a4 xdj266r x14z9mp xat24cr x1lziwak xexx8yu xyri2b x18d9i69 x1c1uobl x16tdsg8 x1hl2dhg xggy1nq x1a2a7pz notranslate _a6hd\" role=\"link\" href=\"https:\/\/www.instagram.com\/lluene.folk\/\">@lluene.folk.<\/a>\/M<a href=\"https:\/\/musicasturiana.com\/esti-fin-de-selmana-aporta-la-xxii-edicion-de-la-seronda-naviles\/\">\u00fasicasturiana.com<\/a> \/<\/p>\n<p><!--more--><\/p>\n<p>La plaza de\u00a0<strong>Les Ace\u00f1es<\/strong>\u00a0acueye un a\u00f1u m\u00e1s la\u00a0<strong>Seronda n\u2019Avil\u00e9s<\/strong>\u00a0qu\u2019entamen<a href=\"https:\/\/www.instagram.com\/xuntanza_aviles\/\" target=\"_blank\" rel=\"noreferrer noopener\">\u00a0Xuntanza Avil\u00e9s<\/a>. Los d\u00edes 7 y 8 de payares esa plaza del merc\u00e1u va llenase de\u00a0<strong>m\u00fasica<\/strong>,<strong> baille tradicional<\/strong>,\u00a0<strong>gastronom\u00eda<\/strong>\u00a0y\u00a0<strong>actividaes pa la reciella<\/strong>. Ye la XXII edici\u00f3n y nella t\u00e1n presentes artistes y agrupaciones mesmo asturianos como de fuera, col e<strong>strenu d\u2019un grupu nuevu\u00a0<\/strong>de la escena asturiana.<\/p>\n<p style=\"text-align: center\"><a href=\"https:\/\/musicasturiana.com\/wp-content\/uploads\/2025\/11\/imagen-1.png\"><img loading=\"lazy\" decoding=\"async\" class=\"aligncenter size-large\" src=\"https:\/\/musicasturiana.com\/wp-content\/uploads\/2025\/11\/imagen-1.png\" width=\"635\" height=\"896\" \/><\/a><\/p>\n<p>El\u00a0<strong>vienres 7<\/strong>, l\u2019<strong>Asociaci\u00f3n Cultural de Piniella<\/strong>\u00a0enc\u00e1rgase d\u2019abrir el programa con m\u00fasica popular y un chigre con productos de seronda dende les 19h. A les 19.15h, la\u00a0<strong>Bandina Cuatrol\u00e1n<\/strong>\u00a0-que tami\u00e9n va actuar a les 21.30h- inaugura oficialmente la Seronda, dexando pasu dende les 20h a una amuesa de sones y bailles tradicionales con\u00a0<strong>Xar\u00e9u d\u2019Ochobre\u00a0<\/strong>y\u00a0<strong>Escontra\u2019l Raiga\u00f1u<\/strong>\u00a0-les dos agrupaciones que formen Xuntanza Avil\u00e9s-. Pa zarrar la nueche,\u00a0<strong>Algaire\u00a0<\/strong>van tar tocando dende les 22.00h.<\/p>\n<p>El\u00a0<strong>s\u00e1badu 8<\/strong>, a les 12.00h, la\u00a0<strong>Bandina Rebulir\u00a0<\/strong>(Galicia) va \u00ababrir\u00bb la carpa, y dar pasu a les 14.00h a la xinta popular, na que se va ufrir pote de berces y arroz con lleche. A les 17.00h, la reciella va poder esfrutar del cuentu<em>\u00a0La Seronda Encantada: un cuentu baill\u00e1u pa la reciella<\/em>, con<strong>\u00a0Rosa Cuervo<\/strong>. A les 19.00h, volvemos a tener al Grupu Rebulir ufriendo una muestra de sones y bailles tradicionales de Galicia, y a les 20.30h, entama la<strong>\u00a0nueche en danza<\/strong>\u00a0con la\u00a0<strong>Bandina Los Colla\u00ednos<\/strong>,\u00a0<strong>Pandereteres de Rebulir<\/strong>\u00a0(van facer tami\u00e9n taller de baille gallegu) y l\u2019estrenu del grupu\u00a0<strong>L.luene<\/strong>, con<strong>\u00a0Alba Guti\u00e9rrez<\/strong>\u00a0a la voz y percusiones,<strong>\u00a0David Varela\u00a0<\/strong>al curdi\u00f3n y\u00a0<strong>Adri\u00e1n Arg\u00fcelles<\/strong>\u00a0a les flautes. La programaci\u00f3n completa pue consultase\u00a0<a href=\"https:\/\/www.instagram.com\/p\/DQJrLzriEfc\/?utm_source=ig_web_copy_link\" target=\"_blank\" rel=\"noreferrer noopener\">equ\u00ed<\/a>.<\/p>\n<p>XXII Seronda n&#8217;Avil\u00e9s | <span class=\"html-span xdj266r x14z9mp xat24cr x1lziwak xexx8yu xyri2b x18d9i69 x1c1uobl x1hl2dhg x16tdsg8 x1vvkbs\"><a class=\"x1i10hfl xjbqb8w x1ejq31n x18oe1m7 x1sy0etr xstzfhl x972fbf x10w94by x1qhh985 x14e42zd x9f619 x1ypdohk xt0psk2 x3ct3a4 xdj266r x14z9mp xat24cr x1lziwak xexx8yu xyri2b x18d9i69 x1c1uobl x16tdsg8 x1hl2dhg xggy1nq x1a2a7pz xkrqix3 x1sur9pj x1fey0fg x1s688f\" role=\"link\" href=\"https:\/\/www.facebook.com\/xuntanza.aviles?__cft__[0]=AZX4WLYT3OPVYA1BwktLe8KLBv_D_4HPc_UVupeLTkXMvvE2KcdoEVnu0UDUBr0QgP7TKw6GgyHWGTWyI0XqOIie-1-ti7ULGQMuEcOSPAM0MUVkjSZOamAEHHdXmeRrDNyiyT03-JW5xJEYQqqVnQxTnnj0QX661K71fECRSAAIotkl5p0AJWsf6qsxW69IURc&amp;__tn__=-]K-y-R\"><span class=\"xt0psk2\"><span class=\"xjp7ctv\">Xuntanza Avil\u00e9s<\/span><\/span><\/a><\/span><\/p>\n<p style=\"text-align: center\">\n<!-- iframe plugin v.6.0 wordpress.org\/plugins\/iframe\/ -->\n<iframe loading=\"lazy\" src=\"https:\/\/www.facebook.com\/plugins\/post.php?href=https%3A%2F%2Fwww.facebook.com%2Fphoto.php%3Ffbid%3D25214367881584591%26set%3Da.326009754180415%26type%3D3&#038;show_text=false&#038;width=500\" width=\"500\" height=\"396\" style=\"border:none;overflow:hidden\" scrolling=\"no\" frameborder=\"0\" allowfullscreen=\"true\" allow=\"autoplay; clipboard-write; encrypted-media; picture-in-picture; web-share\" 0=\"\/iframe\" class=\"iframe-class\"><\/iframe>\n<\/p>\n<div class=\"wp-block-spacer\" aria-hidden=\"true\"><\/div>\n","protected":false},"excerpt":{"rendered":"<p>La plaza Les Ace\u00f1es acueye un a\u00f1u m\u00e1s la Seronda n\u2019Avil\u00e9s qu\u2019entamen @xuntanza_aviles \ud83c\udf42 Los d\u00edes 7 y 8 de payares esa plaza del merc\u00e1u va llenase de m\u00fasica, baille tradicional, gastronom\u00eda y actividaes pa la reciella \ud83c\udfb6 Les formaciones asturianes que van actuar son Cuatrol\u00e1n, @xareu_d_ochobre , @escontral_raiganu , @algaire , @bandina_loscollainos y el [&hellip;]<\/p>\n","protected":false},"author":117,"featured_media":0,"comment_status":"closed","ping_status":"open","sticky":false,"template":"","format":"standard","meta":{"footnotes":""},"categories":[35,125],"tags":[],"class_list":["post-61112","post","type-post","status-publish","format-standard","hentry","category-musica","category-musicasturiana-com"],"_links":{"self":[{"href":"https:\/\/edublog.educastur.es\/ixuxu\/wp-json\/wp\/v2\/posts\/61112","targetHints":{"allow":["GET"]}}],"collection":[{"href":"https:\/\/edublog.educastur.es\/ixuxu\/wp-json\/wp\/v2\/posts"}],"about":[{"href":"https:\/\/edublog.educastur.es\/ixuxu\/wp-json\/wp\/v2\/types\/post"}],"author":[{"embeddable":true,"href":"https:\/\/edublog.educastur.es\/ixuxu\/wp-json\/wp\/v2\/users\/117"}],"replies":[{"embeddable":true,"href":"https:\/\/edublog.educastur.es\/ixuxu\/wp-json\/wp\/v2\/comments?post=61112"}],"version-history":[{"count":4,"href":"https:\/\/edublog.educastur.es\/ixuxu\/wp-json\/wp\/v2\/posts\/61112\/revisions"}],"predecessor-version":[{"id":61116,"href":"https:\/\/edublog.educastur.es\/ixuxu\/wp-json\/wp\/v2\/posts\/61112\/revisions\/61116"}],"wp:attachment":[{"href":"https:\/\/edublog.educastur.es\/ixuxu\/wp-json\/wp\/v2\/media?parent=61112"}],"wp:term":[{"taxonomy":"category","embeddable":true,"href":"https:\/\/edublog.educastur.es\/ixuxu\/wp-json\/wp\/v2\/categories?post=61112"},{"taxonomy":"post_tag","embeddable":true,"href":"https:\/\/edublog.educastur.es\/ixuxu\/wp-json\/wp\/v2\/tags?post=61112"}],"curies":[{"name":"wp","href":"https:\/\/api.w.org\/{rel}","templated":true}]}}