{"id":61133,"date":"2025-11-07T09:57:14","date_gmt":"2025-11-07T07:57:14","guid":{"rendered":"https:\/\/edublog.educastur.es\/ixuxu\/?p=61133"},"modified":"2025-11-07T11:04:12","modified_gmt":"2025-11-07T09:04:12","slug":"el-tiempu-el-comercio-180","status":"publish","type":"post","link":"https:\/\/edublog.educastur.es\/ixuxu\/2025\/11\/el-tiempu-el-comercio-180\/","title":{"rendered":"El tiempu (El Comercio)"},"content":{"rendered":"<p style=\"text-align: center\"><a href=\"https:\/\/s1.ppllstatics.com\/elcomercio\/www\/multimedia\/2025\/11\/06\/prevision-tiempo-asturias-kEl-U2302588077118HVD-1200x870@El%20Comercio.jpg\"><img loading=\"lazy\" decoding=\"async\" class=\"aligncenter size-large\" src=\"https:\/\/s1.ppllstatics.com\/elcomercio\/www\/multimedia\/2025\/11\/06\/prevision-tiempo-asturias-kEl-U2302588077118HVD-1200x870@El%20Comercio.jpg\" width=\"1200\" height=\"870\" \/><\/a><\/p>\n<p><strong>Vamos amanecer<\/strong> con ag\u00fces na met\u00e1 oriental que van unviar r\u00e1pido. Mientres les siguientes hores nun va llover y, inclusive, van abrise escamplaes d&#8217;oeste a este. Pero <strong>a partir del mediud\u00eda<\/strong>, van volver les precipitaciones pol occidente acomu\u00f1aes a un frente que va percorrer la rex\u00f3n. Ye probable que, una vegada m\u00e1s, unvien les ag\u00fces<strong> de cara a les primeres hores de la tarde<\/strong> cola posibilid\u00e1 d&#8217;apertura d&#8217;escamplaes, pero van volver los bastios cola meyora de la tarde por cuenta de delles ll\u00ednees d&#8217;inestabilid\u00e1 que nos afectar\u00e1n pudiendo ser estos bastios localmente moderaos sobremanera nel oriente. <strong>Los vientos<\/strong> van soplar de suroeste de primeres del d\u00eda con raches significatives nel sector occidental y nel cordal, afit\u00e1ndose de componente oeste mientres la ma\u00f1ana. <strong>Les temperatures m\u00e1ximes<\/strong> van xubir ente 3 y 4 \u00baC nel suroccidente, y hasta 2 o 3 \u00baC nel restu, salvo na mari\u00f1a oriental onde apenes van esperimentar cambeos.<strong> Les m\u00ednimes<\/strong> apenes van variar respectu al xueves.<\/p>\n<p><!--more--><\/p>\n<p>El s\u00e1badu va ser un d\u00eda nublu con precipitaciones que van ser m\u00e1s frecuentes pela ma\u00f1ana y que van tender a dir unviando conforme vaiga trescurriendo tardar. Los vientos van predominar de componente oeste moderaos tendiendo a ser fluexos a la fin. Les temperatures van baxar de forma gene<\/p>\n","protected":false},"excerpt":{"rendered":"<p>Vamos amanecer con ag\u00fces na met\u00e1 oriental que van unviar r\u00e1pido. Mientres les siguientes hores nun va llover y, inclusive, van abrise escamplaes d&#8217;oeste a este. Pero a partir del mediud\u00eda, van volver les precipitaciones pol occidente acomu\u00f1aes a un frente que va percorrer la rex\u00f3n. Ye probable que, una vegada m\u00e1s, unvien les ag\u00fces [&hellip;]<\/p>\n","protected":false},"author":117,"featured_media":0,"comment_status":"closed","ping_status":"open","sticky":false,"template":"","format":"standard","meta":{"footnotes":""},"categories":[5],"tags":[],"class_list":["post-61133","post","type-post","status-publish","format-standard","hentry","category-tiempu"],"_links":{"self":[{"href":"https:\/\/edublog.educastur.es\/ixuxu\/wp-json\/wp\/v2\/posts\/61133","targetHints":{"allow":["GET"]}}],"collection":[{"href":"https:\/\/edublog.educastur.es\/ixuxu\/wp-json\/wp\/v2\/posts"}],"about":[{"href":"https:\/\/edublog.educastur.es\/ixuxu\/wp-json\/wp\/v2\/types\/post"}],"author":[{"embeddable":true,"href":"https:\/\/edublog.educastur.es\/ixuxu\/wp-json\/wp\/v2\/users\/117"}],"replies":[{"embeddable":true,"href":"https:\/\/edublog.educastur.es\/ixuxu\/wp-json\/wp\/v2\/comments?post=61133"}],"version-history":[{"count":2,"href":"https:\/\/edublog.educastur.es\/ixuxu\/wp-json\/wp\/v2\/posts\/61133\/revisions"}],"predecessor-version":[{"id":61135,"href":"https:\/\/edublog.educastur.es\/ixuxu\/wp-json\/wp\/v2\/posts\/61133\/revisions\/61135"}],"wp:attachment":[{"href":"https:\/\/edublog.educastur.es\/ixuxu\/wp-json\/wp\/v2\/media?parent=61133"}],"wp:term":[{"taxonomy":"category","embeddable":true,"href":"https:\/\/edublog.educastur.es\/ixuxu\/wp-json\/wp\/v2\/categories?post=61133"},{"taxonomy":"post_tag","embeddable":true,"href":"https:\/\/edublog.educastur.es\/ixuxu\/wp-json\/wp\/v2\/tags?post=61133"}],"curies":[{"name":"wp","href":"https:\/\/api.w.org\/{rel}","templated":true}]}}